{"id":6030,"date":"2023-09-27T23:44:49","date_gmt":"2023-09-28T02:44:49","guid":{"rendered":"https:\/\/3260.com.ar\/web\/?p=6030"},"modified":"2023-09-27T00:00:46","modified_gmt":"2023-09-27T03:00:46","slug":"tras-los-pasos-de-don-tomas-de-rocamora","status":"publish","type":"post","link":"https:\/\/3260.com.ar\/web\/tras-los-pasos-de-don-tomas-de-rocamora\/","title":{"rendered":"Tras los Pasos de Don Tom\u00e1s de Rocamora."},"content":{"rendered":"\n<p>El art\u00edstico pl\u00e1stico Sergio Caffarena presentar\u00e1 en el auditorio Scelzi, el pr\u00f3ximo  viernez 29 de septiembre desde las 20 hs, la muestra \u00abTras los Pasos de Don Tom\u00e1s de Rocamora\u00bb.<\/p>\n\n\n\n<p> <\/p>\n\n\n\n<p>Dice el Artista:<\/p>\n\n\n\n<p>\u00abDel recorrer caminos en la b\u00fasqueda, del indagar internamente, de c\u00f3mo transitarlos, de encontrar el lugar, del asentarse, de crecer y so\u00f1ar, de cumplir sue\u00f1os, del progreso en la labor y del proceso, es donde encuentro la certeza de continuar mis PASOS por el Arte.<\/p>\n\n\n\n<p>Es en este caminar y esta profesi\u00f3n donde encuentro las respuestas a las preguntas y es seguir preguntando y es seguir en el crecimiento art\u00edstico y personal&#8230;<\/p>\n\n\n\n<p>Y como en DON TOM\u00c1S que el \u00fanico l\u00edmite a so\u00f1ar sea el tiempo&#8230;y en donde un lugar me lleve al otro y al otro&#8230;<\/p>\n\n\n\n<p>Y en esta ocasi\u00f3n ese caminar me trajo TRAS LOS PASOS DE DON TOM\u00c1S DE ROCAMORA y sus tres ciudades&#8230; GUALEGUAY,  GUALEGUAYCH\u00da, CONCEPCI\u00d3N DEL URUGUAY.\u00bb<\/p>\n\n\n\n<p class=\"has-text-align-right has-small-font-size\">Fuente: Direcci\u00f3n Cultura M.C.U.<\/p>\n","protected":false},"excerpt":{"rendered":"<p>El art\u00edstico pl\u00e1stico Sergio Caffarena presentar\u00e1 en el auditorio Scelzi, el pr\u00f3ximo viernez 29 de septiembre desde las 20 hs, la muestra \u00abTras los Pasos de Don Tom\u00e1s de Rocamora\u00bb. Dice el Artista: \u00abDel recorrer caminos en la b\u00fasqueda, del indagar internamente, de c\u00f3mo transitarlos, de encontrar el lugar, del asentarse, de crecer y so\u00f1ar, [&hellip;]<\/p>\n","protected":false},"author":2,"featured_media":6031,"comment_status":"open","ping_status":"open","sticky":false,"template":"","format":"standard","meta":{"_jetpack_memberships_contains_paid_content":false,"footnotes":"","jetpack_publicize_message":"","jetpack_publicize_feature_enabled":true,"jetpack_social_post_already_shared":true,"jetpack_social_options":{"image_generator_settings":{"template":"highway","default_image_id":0,"enabled":false},"version":2}},"categories":[174],"tags":[60,1614,1842],"class_list":["post-6030","post","type-post","status-publish","format-standard","has-post-thumbnail","hentry","category-cultura","tag-60","tag-direccion-de-cultura-municipalidad-de-concepcion-del-uruguay","tag-tras-los-pasos-de-rocamora"],"jetpack_publicize_connections":[],"jetpack_featured_media_url":"https:\/\/3260.com.ar\/web\/wp-content\/uploads\/2023\/09\/Tras-pasos-Rocamora.jpg","jetpack_sharing_enabled":true,"_links":{"self":[{"href":"https:\/\/3260.com.ar\/web\/wp-json\/wp\/v2\/posts\/6030","targetHints":{"allow":["GET"]}}],"collection":[{"href":"https:\/\/3260.com.ar\/web\/wp-json\/wp\/v2\/posts"}],"about":[{"href":"https:\/\/3260.com.ar\/web\/wp-json\/wp\/v2\/types\/post"}],"author":[{"embeddable":true,"href":"https:\/\/3260.com.ar\/web\/wp-json\/wp\/v2\/users\/2"}],"replies":[{"embeddable":true,"href":"https:\/\/3260.com.ar\/web\/wp-json\/wp\/v2\/comments?post=6030"}],"version-history":[{"count":0,"href":"https:\/\/3260.com.ar\/web\/wp-json\/wp\/v2\/posts\/6030\/revisions"}],"wp:featuredmedia":[{"embeddable":true,"href":"https:\/\/3260.com.ar\/web\/wp-json\/wp\/v2\/media\/6031"}],"wp:attachment":[{"href":"https:\/\/3260.com.ar\/web\/wp-json\/wp\/v2\/media?parent=6030"}],"wp:term":[{"taxonomy":"category","embeddable":true,"href":"https:\/\/3260.com.ar\/web\/wp-json\/wp\/v2\/categories?post=6030"},{"taxonomy":"post_tag","embeddable":true,"href":"https:\/\/3260.com.ar\/web\/wp-json\/wp\/v2\/tags?post=6030"}],"curies":[{"name":"wp","href":"https:\/\/api.w.org\/{rel}","templated":true}]}}