{"id":6197,"date":"2023-11-04T00:01:00","date_gmt":"2023-11-04T03:01:00","guid":{"rendered":"https:\/\/3260.com.ar\/web\/?p=6197"},"modified":"2023-11-03T14:42:41","modified_gmt":"2023-11-03T17:42:41","slug":"expo-campo-en-basavilbaso","status":"publish","type":"post","link":"https:\/\/3260.com.ar\/web\/expo-campo-en-basavilbaso\/","title":{"rendered":"EXPO CAMPO EN BASAVILBASO"},"content":{"rendered":"\n<p>La Cooperativa Ganadera \u201cEl Pronunciamiento\u201d trabaja en la organizaci\u00f3n de la Expo Campo Agroindustrial de Basavilbaso 2023 que tendr\u00e1 lugar los d\u00edas s\u00e1bado 11 y domingo 12 de noviembre.<\/p>\n\n\n\n<p>\u201cLa Expo donde nos encontramos todos\u201d, tal cual reza su slogan de este a\u00f1o, concentrar\u00e1 a miles de personas que podr\u00e1n disfrutar de innovaciones comerciales, agro, industria, maquinarias, artesanos, gastronom\u00eda, espect\u00e1culos, juegos, entre otros atractivos.<\/p>\n\n\n\n<p>\u201cEsta muestra se transforma todos los a\u00f1os en una mega fiesta de todo el centro provincial. La Expo Campo es un evento con m\u00faltiples atractivos y, por ende, con un p\u00fablico muy heterog\u00e9neo que llega no s\u00f3lo de Basavilbaso sino de toda la regi\u00f3n, ya que aqu\u00ed confluyen expositores de rubros diversos y un escenario siempre atractivo\u201d, se\u00f1alaron desde la organizaci\u00f3n.&nbsp;<\/p>\n\n\n\n<p>La Expo Campo se ha transformado en una oportunidad inmejorable para la oferta de innovaciones comerciales, la posibilidad de que artesanos, emprendedores y comerciantes muestren sus productos en un mano a mano con los miles visitantes.\u00a0El encuentro social-familiar-comunidad es una f\u00f3rmula que no falla y este a\u00f1o no ser\u00e1 la excepci\u00f3n\u201d, aseguran.<\/p>\n\n\n\n<p>Todos los interesados en adquirir parcelas para la colocaci\u00f3n de stands deben contactarse a trav\u00e9s del mail\u00a0expocampobaso@gmail.com<\/p>\n\n\n\n<p class=\"has-text-align-right has-small-font-size\">Fuente: https:\/\/www.rielfm.com.ar<\/p>\n","protected":false},"excerpt":{"rendered":"<p>La Cooperativa Ganadera \u201cEl Pronunciamiento\u201d trabaja en la organizaci\u00f3n de la Expo Campo Agroindustrial de Basavilbaso 2023 que tendr\u00e1 lugar los d\u00edas s\u00e1bado 11 y domingo 12 de noviembre. \u201cLa Expo donde nos encontramos todos\u201d, tal cual reza su slogan de este a\u00f1o, concentrar\u00e1 a miles de personas que podr\u00e1n disfrutar de innovaciones comerciales, agro, [&hellip;]<\/p>\n","protected":false},"author":2,"featured_media":6198,"comment_status":"open","ping_status":"open","sticky":false,"template":"","format":"standard","meta":{"_jetpack_memberships_contains_paid_content":false,"footnotes":"","jetpack_publicize_message":"","jetpack_publicize_feature_enabled":true,"jetpack_social_post_already_shared":true,"jetpack_social_options":{"image_generator_settings":{"template":"highway","default_image_id":0,"enabled":false},"version":2}},"categories":[175],"tags":[60,1906,1905],"class_list":["post-6197","post","type-post","status-publish","format-standard","has-post-thumbnail","hentry","category-turismo","tag-60","tag-expo-basavilbaso","tag-expo-campo-2023"],"jetpack_publicize_connections":[],"jetpack_featured_media_url":"https:\/\/3260.com.ar\/web\/wp-content\/uploads\/2023\/11\/ExpoBasso2023.jpg","jetpack_sharing_enabled":true,"_links":{"self":[{"href":"https:\/\/3260.com.ar\/web\/wp-json\/wp\/v2\/posts\/6197","targetHints":{"allow":["GET"]}}],"collection":[{"href":"https:\/\/3260.com.ar\/web\/wp-json\/wp\/v2\/posts"}],"about":[{"href":"https:\/\/3260.com.ar\/web\/wp-json\/wp\/v2\/types\/post"}],"author":[{"embeddable":true,"href":"https:\/\/3260.com.ar\/web\/wp-json\/wp\/v2\/users\/2"}],"replies":[{"embeddable":true,"href":"https:\/\/3260.com.ar\/web\/wp-json\/wp\/v2\/comments?post=6197"}],"version-history":[{"count":0,"href":"https:\/\/3260.com.ar\/web\/wp-json\/wp\/v2\/posts\/6197\/revisions"}],"wp:featuredmedia":[{"embeddable":true,"href":"https:\/\/3260.com.ar\/web\/wp-json\/wp\/v2\/media\/6198"}],"wp:attachment":[{"href":"https:\/\/3260.com.ar\/web\/wp-json\/wp\/v2\/media?parent=6197"}],"wp:term":[{"taxonomy":"category","embeddable":true,"href":"https:\/\/3260.com.ar\/web\/wp-json\/wp\/v2\/categories?post=6197"},{"taxonomy":"post_tag","embeddable":true,"href":"https:\/\/3260.com.ar\/web\/wp-json\/wp\/v2\/tags?post=6197"}],"curies":[{"name":"wp","href":"https:\/\/api.w.org\/{rel}","templated":true}]}}