{"id":6262,"date":"2023-11-20T00:39:30","date_gmt":"2023-11-20T03:39:30","guid":{"rendered":"https:\/\/3260.com.ar\/web\/?p=6262"},"modified":"2023-11-20T00:39:32","modified_gmt":"2023-11-20T03:39:32","slug":"heroica-defensa-de-concepcion-del-uruguay","status":"publish","type":"post","link":"https:\/\/3260.com.ar\/web\/heroica-defensa-de-concepcion-del-uruguay\/","title":{"rendered":"Heroica defensa de Concepci\u00f3n del Uruguay"},"content":{"rendered":"\n<p>En el a\u00f1o 1852, cuando el ej\u00e9rcito de Urquiza se dirig\u00eda a Diamantes, habiendo partido desde el Campamento Cala, con destino a Buenos Aires. El d\u00eda 21 de noviembre la ciudad de Concepci\u00f3n del Uruguay es invadida por el General Madariaga, ordenada desde Buenos Aires con el objetivo de que el Congreso Constituyente no se reuniera en Santa Fe.<\/p>\n\n\n\n<p>La defensa de la ciudad estuvo a cargo del Gral. Ricardo L\u00f3pez Jord\u00e1n, quien la salva, reafirmando los principios del Federalismo y la Entrerriana. Y por supuesto el Congreso se llev\u00f3 a cabo y es el que sanciona nuestra Constituci\u00f3n Nacional.<\/p>\n\n\n\n<p>En el peri\u00f3dico \u201cLos Principios\u201d, el d\u00eda 1 de agosto de 1938 el periodista D. Albino Romanzo, escrib\u00eda al respecto:<\/p>\n\n\n\n<p>\u201cla expedici\u00f3n invasora, parti\u00f3 de Buenos Aires el d\u00eda 10 de noviembre de 1852, en el vapor Mercedes y siete buques a vela, desembarcando el Gral. Hornos el d\u00eda 18 en Gualeguaych\u00fa, localidad que no opuso resistencia al invasor.<\/p>\n\n\n\n<p>\u201cMadariaga con la flota remonto el rio Uruguay y penetrando por la desembocadura del arroyo de La China, fondeo el d\u00eda 20, frente al saladero Santa C\u00e1ndida, propiedad del Gral. Urquiza.<\/p>\n\n\n\n<p>\u201cEse d\u00eda remiti\u00f3 una nota al Comandante de la plaza D. Ricardo L\u00f3pez Jord\u00e1n, fechada el 19 a bordo del vapor Mercedes, la que fue rechazada por este militar.\u201d<\/p>\n\n\n\n<p>\u201cCuando el Comandante de la plaza D. Ricardo L\u00f3pez Jord\u00e1n frente a la inminente invasi\u00f3n, orden\u00f3 tocar generala y disparar el ca\u00f1onazo de alarma, se reunieron de inmediato en la Comandancia las tropas licenciadas pertenecientes a los batallones \u201cUrquiza\u201d y \u201cEntrerriano\u201d, como as\u00ed mismo la mayor parte de los habitantes, entre los cuales, gran n\u00famero de extranjeros y estudiantes del colegio Nacional.\u201d<\/p>\n\n\n\n<p>El cronista transcribe tambi\u00e9n datos suministrados por el Dr. Juan Andr\u00e9s V\u00e1squez, testigo ocular quien relata los cantones que se forman en la ciudad:<\/p>\n\n\n\n<p>Colegio Nacional: a las \u00f3rdenes del Capit\u00e1n Fidel Sagastume.<\/p>\n\n\n\n<p>Aduana: el Capit\u00e1n Pedro Busquets.<\/p>\n\n\n\n<p>Entre Jefatura de Polic\u00eda y Municipalidad: Capit\u00e1n Lorenzo Farulla.<\/p>\n\n\n\n<p>Al Sur de Plaza Ram\u00edrez: Capit\u00e1n Francisco Urquiza y Comandante Te\u00f3filo de Urquiza<\/p>\n\n\n\n<p>Sud Oeste de Plaza Ram\u00edrez: Teniente Jos\u00e9 Mar\u00eda Montandon.<\/p>\n\n\n\n<p>Sud Este Plaza Ram\u00edrez: Teniente de Marina Bartolom\u00e9 Cordero.<\/p>\n\n\n\n<p>Casa Canavessi: Le\u00f3n Pe\u00f1a. Este fue uno de los lugares donde se pele\u00f3 m\u00e1s encarnizadamente<\/p>\n\n\n\n<p>Ancianos, ni\u00f1os y mujeres ayudaron en esta refriega. Con un recuento de 92 muertos y 44 heridos. Fueron 10 muertos y 14 heridos de nuestra ciudad de los 705 que la defendieron.<\/p>\n\n\n\n<p>Hoy este hecho se recuerda con el nombre de una calle de Concepci\u00f3n del Uruguay. La fotograf\u00eda muestra al Monumento en homenaje a los h\u00e9roes del 21 de Noviembre, en el acceso al Balneario Itap\u00e9-<\/p>\n\n\n\n<p>(Fuente Abescat Francisco,&nbsp;<strong>\u201cLa ciudad de Nuestra Sra. De la Concepci\u00f3n del Uruguay\u201d<\/strong>, 1971, imprenta CASAL)<\/p>\n","protected":false},"excerpt":{"rendered":"<p>En el a\u00f1o 1852, cuando el ej\u00e9rcito de Urquiza se dirig\u00eda a Diamantes, habiendo partido desde el Campamento Cala, con destino a Buenos Aires. El d\u00eda 21 de noviembre la ciudad de Concepci\u00f3n del Uruguay es invadida por el General Madariaga, ordenada desde Buenos Aires con el objetivo de que el Congreso Constituyente no se [&hellip;]<\/p>\n","protected":false},"author":2,"featured_media":6263,"comment_status":"open","ping_status":"open","sticky":false,"template":"","format":"standard","meta":{"_jetpack_memberships_contains_paid_content":false,"footnotes":"","jetpack_publicize_message":"","jetpack_publicize_feature_enabled":true,"jetpack_social_post_already_shared":true,"jetpack_social_options":{"image_generator_settings":{"template":"highway","default_image_id":0,"enabled":false},"version":2}},"categories":[174],"tags":[1926,60,1927],"class_list":["post-6262","post","type-post","status-publish","format-standard","has-post-thumbnail","hentry","category-cultura","tag-21-de-noviembre","tag-60","tag-heroica-concepcion-del-uruguay"],"jetpack_publicize_connections":[],"jetpack_featured_media_url":"https:\/\/3260.com.ar\/web\/wp-content\/uploads\/2023\/11\/Monumento_21_de_noviembre_terminado.jpg","jetpack_sharing_enabled":true,"_links":{"self":[{"href":"https:\/\/3260.com.ar\/web\/wp-json\/wp\/v2\/posts\/6262","targetHints":{"allow":["GET"]}}],"collection":[{"href":"https:\/\/3260.com.ar\/web\/wp-json\/wp\/v2\/posts"}],"about":[{"href":"https:\/\/3260.com.ar\/web\/wp-json\/wp\/v2\/types\/post"}],"author":[{"embeddable":true,"href":"https:\/\/3260.com.ar\/web\/wp-json\/wp\/v2\/users\/2"}],"replies":[{"embeddable":true,"href":"https:\/\/3260.com.ar\/web\/wp-json\/wp\/v2\/comments?post=6262"}],"version-history":[{"count":0,"href":"https:\/\/3260.com.ar\/web\/wp-json\/wp\/v2\/posts\/6262\/revisions"}],"wp:featuredmedia":[{"embeddable":true,"href":"https:\/\/3260.com.ar\/web\/wp-json\/wp\/v2\/media\/6263"}],"wp:attachment":[{"href":"https:\/\/3260.com.ar\/web\/wp-json\/wp\/v2\/media?parent=6262"}],"wp:term":[{"taxonomy":"category","embeddable":true,"href":"https:\/\/3260.com.ar\/web\/wp-json\/wp\/v2\/categories?post=6262"},{"taxonomy":"post_tag","embeddable":true,"href":"https:\/\/3260.com.ar\/web\/wp-json\/wp\/v2\/tags?post=6262"}],"curies":[{"name":"wp","href":"https:\/\/api.w.org\/{rel}","templated":true}]}}