{"id":6293,"date":"2023-11-28T17:23:26","date_gmt":"2023-11-28T20:23:26","guid":{"rendered":"https:\/\/3260.com.ar\/web\/?p=6293"},"modified":"2023-11-28T17:23:28","modified_gmt":"2023-11-28T20:23:28","slug":"en-la-biblioteca-provincial-dos-libros-de-la-editorial-uruguayense-el-miercoles","status":"publish","type":"post","link":"https:\/\/3260.com.ar\/web\/en-la-biblioteca-provincial-dos-libros-de-la-editorial-uruguayense-el-miercoles\/","title":{"rendered":"En la Biblioteca Provincial dos libros de la editorial uruguayense El Mi\u00e9rcoles"},"content":{"rendered":"\n<p>Se trata de dos obras recientemente editadas: una narra las historias de vida de cada una de las 26 v\u00edctimas uruguayenses del terrorismo de Estado. La otra publicaci\u00f3n re\u00fane historietas de autores entrerrianos que ganaron el certamen convocado por El Mi\u00e9rcoles.<\/p>\n\n\n\n<p>La presentaci\u00f3n ser\u00e1 en la sede de la Biblioteca Provincial (Alameda de la Federaci\u00f3n 278), desde las 19.30 con entrada libre y gratuita.<\/p>\n\n\n\n<p><\/p>\n","protected":false},"excerpt":{"rendered":"<p>Se trata de dos obras recientemente editadas: una narra las historias de vida de cada una de las 26 v\u00edctimas uruguayenses del terrorismo de Estado. La otra publicaci\u00f3n re\u00fane historietas de autores entrerrianos que ganaron el certamen convocado por El Mi\u00e9rcoles. La presentaci\u00f3n ser\u00e1 en la sede de la Biblioteca Provincial (Alameda de la Federaci\u00f3n [&hellip;]<\/p>\n","protected":false},"author":2,"featured_media":6294,"comment_status":"open","ping_status":"open","sticky":false,"template":"","format":"standard","meta":{"_jetpack_memberships_contains_paid_content":false,"footnotes":"","jetpack_publicize_message":"","jetpack_publicize_feature_enabled":true,"jetpack_social_post_already_shared":true,"jetpack_social_options":{"image_generator_settings":{"template":"highway","default_image_id":0,"enabled":false},"version":2}},"categories":[174],"tags":[60,1851],"class_list":["post-6293","post","type-post","status-publish","format-standard","has-post-thumbnail","hentry","category-cultura","tag-60","tag-editorial-el-miercoles"],"jetpack_publicize_connections":[],"jetpack_featured_media_url":"https:\/\/3260.com.ar\/web\/wp-content\/uploads\/2023\/11\/El-Miercoles28nov23.jpg","jetpack_sharing_enabled":true,"_links":{"self":[{"href":"https:\/\/3260.com.ar\/web\/wp-json\/wp\/v2\/posts\/6293","targetHints":{"allow":["GET"]}}],"collection":[{"href":"https:\/\/3260.com.ar\/web\/wp-json\/wp\/v2\/posts"}],"about":[{"href":"https:\/\/3260.com.ar\/web\/wp-json\/wp\/v2\/types\/post"}],"author":[{"embeddable":true,"href":"https:\/\/3260.com.ar\/web\/wp-json\/wp\/v2\/users\/2"}],"replies":[{"embeddable":true,"href":"https:\/\/3260.com.ar\/web\/wp-json\/wp\/v2\/comments?post=6293"}],"version-history":[{"count":0,"href":"https:\/\/3260.com.ar\/web\/wp-json\/wp\/v2\/posts\/6293\/revisions"}],"wp:featuredmedia":[{"embeddable":true,"href":"https:\/\/3260.com.ar\/web\/wp-json\/wp\/v2\/media\/6294"}],"wp:attachment":[{"href":"https:\/\/3260.com.ar\/web\/wp-json\/wp\/v2\/media?parent=6293"}],"wp:term":[{"taxonomy":"category","embeddable":true,"href":"https:\/\/3260.com.ar\/web\/wp-json\/wp\/v2\/categories?post=6293"},{"taxonomy":"post_tag","embeddable":true,"href":"https:\/\/3260.com.ar\/web\/wp-json\/wp\/v2\/tags?post=6293"}],"curies":[{"name":"wp","href":"https:\/\/api.w.org\/{rel}","templated":true}]}}