{"id":6342,"date":"2023-12-09T15:47:33","date_gmt":"2023-12-09T18:47:33","guid":{"rendered":"https:\/\/3260.com.ar\/web\/?p=6342"},"modified":"2023-12-09T15:51:07","modified_gmt":"2023-12-09T18:51:07","slug":"horacio-cordoba-asume-su-segundo-mandato-como-presidente-de-comuna-tala","status":"publish","type":"post","link":"https:\/\/3260.com.ar\/web\/horacio-cordoba-asume-su-segundo-mandato-como-presidente-de-comuna-tala\/","title":{"rendered":"HORACIO C\u00d3RDOBA ASUME SU SEGUNDO MANDATO COMO PRESIDENTE DE COMUNA TALA"},"content":{"rendered":"\n<p>En la Provincia de Entre R\u00edos en el a\u00f1o 2019 por imperio de la Ley 10644, comenzaron institucionalmente a tener vida las COMUNAS.&nbsp;<\/p>\n\n\n\n<p>La Comuna TALA es de primera categor\u00eda, y es lindante con el \u00e9jido y jurisdicci\u00f3n de Concepci\u00f3n del Uruguay, San Justo, Caseros, Colonia El\u00eda y Aldea San Antonio (Departamento Gualeguaych\u00fa).&nbsp;<\/p>\n\n\n\n<p>El primer presidente de la COMUNA TALA fue el Sr Horacio Alfredo C\u00f3rdoba (2019 a 2023), que result\u00f3 reelecto para el mandato siguiente (2023 a 2027).&nbsp;<\/p>\n\n\n\n<p>La ceremonia de asunci\u00f3n de las nuevas autoridades se realizar\u00e1 el pr\u00f3ximo lunes 11 de diciembre desde las 20.30 horas en las instalaciones del C.I.C. de Comuna Tala en Barrio \u201cLos Ceibos\u201d. Situado en Autov\u00eda Artigas (Ruta14) Km 105. &nbsp;<\/p>\n\n\n\n<p>La entrega de los atributos&nbsp;se har\u00e1 ante la escribana Mar\u00eda Jos\u00e9 Sarjanovich, quien dar\u00e1 fe de lo actuado.&nbsp;<\/p>\n\n\n\n<p>VOCALES ELECTOS:&nbsp;<\/p>\n\n\n\n<p>Bentancour Luj\u00e1n; Riccotti An\u00edbal; Dallazuana Mariela; Viganoni Ra\u00fal, Montefinale Mar\u00eda Luz, Traverso Facundo, Ben\u00edtez Laura.&nbsp;<\/p>\n\n\n\n<p>DEPARTAMENTO EJECUTIVO:&nbsp;<\/p>\n\n\n\n<p>Presidente de la COMUNA: Horacio Alfredo C\u00f3rdoba&nbsp;<\/p>\n\n\n\n<p>Secretario: VOEFFRAY JOAQUIN&nbsp;&nbsp; &nbsp;<\/p>\n\n\n\n<p>Tesorera: HILDT CRISTINA&nbsp; &nbsp;<\/p>\n\n\n\n<p>ASESORES:&nbsp;<\/p>\n\n\n\n<p>Contable: Contador FRANCOU DANILO&nbsp; &nbsp;<\/p>\n\n\n\n<p>Asesora Legal Dra. BOFFELLI SOFIA&nbsp;<\/p>\n","protected":false},"excerpt":{"rendered":"<p>En la Provincia de Entre R\u00edos en el a\u00f1o 2019 por imperio de la Ley 10644, comenzaron institucionalmente a tener vida las COMUNAS.&nbsp; La Comuna TALA es de primera categor\u00eda, y es lindante con el \u00e9jido y jurisdicci\u00f3n de Concepci\u00f3n del Uruguay, San Justo, Caseros, Colonia El\u00eda y Aldea San Antonio (Departamento Gualeguaych\u00fa).&nbsp; El primer [&hellip;]<\/p>\n","protected":false},"author":2,"featured_media":6345,"comment_status":"open","ping_status":"open","sticky":false,"template":"","format":"standard","meta":{"_jetpack_memberships_contains_paid_content":false,"footnotes":"","jetpack_publicize_message":"","jetpack_publicize_feature_enabled":true,"jetpack_social_post_already_shared":true,"jetpack_social_options":{"image_generator_settings":{"template":"highway","default_image_id":0,"enabled":false},"version":2}},"categories":[174],"tags":[60,773,1953],"class_list":["post-6342","post","type-post","status-publish","format-standard","has-post-thumbnail","hentry","category-cultura","tag-60","tag-comuna-tala","tag-horacio-alfredo-cordoba"],"jetpack_publicize_connections":[],"jetpack_featured_media_url":"https:\/\/3260.com.ar\/web\/wp-content\/uploads\/2023\/12\/Frigerio-Cordoba-1.jpeg","jetpack_sharing_enabled":true,"_links":{"self":[{"href":"https:\/\/3260.com.ar\/web\/wp-json\/wp\/v2\/posts\/6342","targetHints":{"allow":["GET"]}}],"collection":[{"href":"https:\/\/3260.com.ar\/web\/wp-json\/wp\/v2\/posts"}],"about":[{"href":"https:\/\/3260.com.ar\/web\/wp-json\/wp\/v2\/types\/post"}],"author":[{"embeddable":true,"href":"https:\/\/3260.com.ar\/web\/wp-json\/wp\/v2\/users\/2"}],"replies":[{"embeddable":true,"href":"https:\/\/3260.com.ar\/web\/wp-json\/wp\/v2\/comments?post=6342"}],"version-history":[{"count":0,"href":"https:\/\/3260.com.ar\/web\/wp-json\/wp\/v2\/posts\/6342\/revisions"}],"wp:featuredmedia":[{"embeddable":true,"href":"https:\/\/3260.com.ar\/web\/wp-json\/wp\/v2\/media\/6345"}],"wp:attachment":[{"href":"https:\/\/3260.com.ar\/web\/wp-json\/wp\/v2\/media?parent=6342"}],"wp:term":[{"taxonomy":"category","embeddable":true,"href":"https:\/\/3260.com.ar\/web\/wp-json\/wp\/v2\/categories?post=6342"},{"taxonomy":"post_tag","embeddable":true,"href":"https:\/\/3260.com.ar\/web\/wp-json\/wp\/v2\/tags?post=6342"}],"curies":[{"name":"wp","href":"https:\/\/api.w.org\/{rel}","templated":true}]}}