{"id":6361,"date":"2023-12-15T00:00:00","date_gmt":"2023-12-15T03:00:00","guid":{"rendered":"https:\/\/3260.com.ar\/web\/?p=6361"},"modified":"2023-12-13T14:57:50","modified_gmt":"2023-12-13T17:57:50","slug":"95-aniversario-de-los-conquistadores","status":"publish","type":"post","link":"https:\/\/3260.com.ar\/web\/95-aniversario-de-los-conquistadores\/","title":{"rendered":"95 \u00b0 ANIVERSARIO DE \u00abLOS CONQUISTADORES\u00bb"},"content":{"rendered":"\n<p>La localidad de Los Conquistadores Se halla situada en el distrito Atencio Al Este, ubicado al Noreste del departamento Federaci\u00f3n en la provincia de Entre R\u00edos. Teniendo como limites del radio urbano, al Norte \u00abEstancia Buena Esperanza\u00bb de Besca S.A, en coincidencia con \u00e9l limite del sector Este, extendi\u00e9ndose hacia el Sur por la Ca\u00f1ada Berm\u00fadez al Oeste limitando con el Departamento Feliciano. Las ciudades mas cercanas son: hacia el Norte la ciudad de San Jaime De La Frontera,hacia el Este la ciudad de Chajar\u00ed, hacia el Oeste la ciudad de San Jos\u00e9 De Feliciano, y hacia el Sur la ciudad de Federal.<br>La planta urbana est\u00e1 compuesta por sesenta manzanas con una poblaci\u00f3n de 1.200 habitantes un \u00e9jido compuesto por alrededor de 1.800 habitantes. Contando con dos v\u00edas de comunicaci\u00f3n terrestre de mayor importancia como la ruta nacional No 127 y la ruta provincial No 2 estableci\u00e9ndose el cruce de ambas en cercan\u00edas a la comunidad.<\/p>\n\n\n\n<p>Para celebrar su aniversario ofrecen una grilla de artistas, que damos a conocer a continuaci\u00f3n:<\/p>\n\n\n\n<p>\u2022 Miguel Figueroa y su conjunto Amanecer Campero<br>\u2022 Marianela Obispo, la acordeonista \u00abdefensora del chamam\u00e9\u00bb<br>\u2022 Eduardo Rodr\u00edguez y los Felicianeros<br>\u2022 Solana Yardin (artista local)<br>\u2022 La Musikera<\/p>\n\n\n\n<p>La entrada es libre y gratuita, para mayor comodidad se sugiere llevar sillones.<\/p>\n","protected":false},"excerpt":{"rendered":"<p>La localidad de Los Conquistadores Se halla situada en el distrito Atencio Al Este, ubicado al Noreste del departamento Federaci\u00f3n en la provincia de Entre R\u00edos. Teniendo como limites del radio urbano, al Norte \u00abEstancia Buena Esperanza\u00bb de Besca S.A, en coincidencia con \u00e9l limite del sector Este, extendi\u00e9ndose hacia el Sur por la Ca\u00f1ada [&hellip;]<\/p>\n","protected":false},"author":2,"featured_media":6362,"comment_status":"open","ping_status":"open","sticky":false,"template":"","format":"standard","meta":{"_jetpack_memberships_contains_paid_content":false,"footnotes":"","jetpack_publicize_message":"","jetpack_publicize_feature_enabled":true,"jetpack_social_post_already_shared":true,"jetpack_social_options":{"image_generator_settings":{"template":"highway","default_image_id":0,"enabled":false},"version":2}},"categories":[174],"tags":[60,1958,713],"class_list":["post-6361","post","type-post","status-publish","format-standard","has-post-thumbnail","hentry","category-cultura","tag-60","tag-los-conquistadores","tag-marianela-obispo"],"jetpack_publicize_connections":[],"jetpack_featured_media_url":"https:\/\/3260.com.ar\/web\/wp-content\/uploads\/2023\/12\/Los-Conquistadores-95\u00b0.jpg","jetpack_sharing_enabled":true,"_links":{"self":[{"href":"https:\/\/3260.com.ar\/web\/wp-json\/wp\/v2\/posts\/6361","targetHints":{"allow":["GET"]}}],"collection":[{"href":"https:\/\/3260.com.ar\/web\/wp-json\/wp\/v2\/posts"}],"about":[{"href":"https:\/\/3260.com.ar\/web\/wp-json\/wp\/v2\/types\/post"}],"author":[{"embeddable":true,"href":"https:\/\/3260.com.ar\/web\/wp-json\/wp\/v2\/users\/2"}],"replies":[{"embeddable":true,"href":"https:\/\/3260.com.ar\/web\/wp-json\/wp\/v2\/comments?post=6361"}],"version-history":[{"count":0,"href":"https:\/\/3260.com.ar\/web\/wp-json\/wp\/v2\/posts\/6361\/revisions"}],"wp:featuredmedia":[{"embeddable":true,"href":"https:\/\/3260.com.ar\/web\/wp-json\/wp\/v2\/media\/6362"}],"wp:attachment":[{"href":"https:\/\/3260.com.ar\/web\/wp-json\/wp\/v2\/media?parent=6361"}],"wp:term":[{"taxonomy":"category","embeddable":true,"href":"https:\/\/3260.com.ar\/web\/wp-json\/wp\/v2\/categories?post=6361"},{"taxonomy":"post_tag","embeddable":true,"href":"https:\/\/3260.com.ar\/web\/wp-json\/wp\/v2\/tags?post=6361"}],"curies":[{"name":"wp","href":"https:\/\/api.w.org\/{rel}","templated":true}]}}