{"id":649,"date":"2020-08-10T06:19:00","date_gmt":"2020-08-10T09:19:00","guid":{"rendered":"http:\/\/3260.com.ar\/web\/?p=649"},"modified":"2020-08-10T09:21:30","modified_gmt":"2020-08-10T12:21:30","slug":"nueva-categoria-automovilistica-entrerriana","status":"publish","type":"post","link":"https:\/\/3260.com.ar\/web\/nueva-categoria-automovilistica-entrerriana\/","title":{"rendered":"Nueva categor\u00eda automovil\u00edstica entrerriana"},"content":{"rendered":"\n<p>La Provincia de Entre R\u00edos contar\u00e1 con una <strong>nueva categor\u00eda de automovilismo deportivo<\/strong>.<\/p>\n\n\n\n<p>As\u00ed lo confirmaron miembros de la Comisi\u00f3n Aut\u00f3dromo de Concepci\u00f3n del Uruguay en un comunicado de prensa.<\/p>\n\n\n\n<p>La idea de la naciente competici\u00f3n plantea <strong>\u201cuna categor\u00eda de monopostos con reglamento m\u00e1s similar a lo que se ve a nivel nacional pero atendiendo siempre la parte presupuestaria\u201d<\/strong>.<\/p>\n\n\n\n<p>Al mismo tiempo indicaron que la categor\u00eda intermedia entre el karting y la F\u00f3rmula Entrerriana utilizar\u00e1 <strong>chasis Crespi con motores K4M 16 v\u00e1lvulas<\/strong>.<\/p>\n\n\n\n<p>Tambi\u00e9n se inform\u00f3 que dicha competencia cuenta con el aval de la Federaci\u00f3n Automovil\u00edstica Entrerriana y que ya mantuvo contactos con potenciales pilotos como lo podr\u00edan ser Oscar Coffy y Franco Pellandino.<\/p>\n","protected":false},"excerpt":{"rendered":"<p>La Provincia de Entre R\u00edos contar\u00e1 con una nueva categor\u00eda de automovilismo deportivo. As\u00ed lo confirmaron miembros de la Comisi\u00f3n Aut\u00f3dromo de Concepci\u00f3n del Uruguay en un comunicado de prensa. La idea de la naciente competici\u00f3n plantea \u201cuna categor\u00eda de monopostos con reglamento m\u00e1s similar a lo que se ve a nivel nacional pero atendiendo [&hellip;]<\/p>\n","protected":false},"author":2,"featured_media":650,"comment_status":"open","ping_status":"open","sticky":false,"template":"","format":"standard","meta":{"_jetpack_memberships_contains_paid_content":false,"footnotes":"","jetpack_publicize_message":"","jetpack_publicize_feature_enabled":true,"jetpack_social_post_already_shared":true,"jetpack_social_options":{"image_generator_settings":{"template":"highway","default_image_id":0,"enabled":false},"version":2}},"categories":[173],"tags":[60,258,213,257],"class_list":["post-649","post","type-post","status-publish","format-standard","has-post-thumbnail","hentry","category-deportes","tag-60","tag-autodromo-concepcion-del-uruguay","tag-automovilismo","tag-formula-entrerriana"],"jetpack_publicize_connections":[],"jetpack_featured_media_url":"https:\/\/3260.com.ar\/web\/wp-content\/uploads\/2020\/08\/autodromoCDU.gif","jetpack_sharing_enabled":true,"_links":{"self":[{"href":"https:\/\/3260.com.ar\/web\/wp-json\/wp\/v2\/posts\/649","targetHints":{"allow":["GET"]}}],"collection":[{"href":"https:\/\/3260.com.ar\/web\/wp-json\/wp\/v2\/posts"}],"about":[{"href":"https:\/\/3260.com.ar\/web\/wp-json\/wp\/v2\/types\/post"}],"author":[{"embeddable":true,"href":"https:\/\/3260.com.ar\/web\/wp-json\/wp\/v2\/users\/2"}],"replies":[{"embeddable":true,"href":"https:\/\/3260.com.ar\/web\/wp-json\/wp\/v2\/comments?post=649"}],"version-history":[{"count":0,"href":"https:\/\/3260.com.ar\/web\/wp-json\/wp\/v2\/posts\/649\/revisions"}],"wp:featuredmedia":[{"embeddable":true,"href":"https:\/\/3260.com.ar\/web\/wp-json\/wp\/v2\/media\/650"}],"wp:attachment":[{"href":"https:\/\/3260.com.ar\/web\/wp-json\/wp\/v2\/media?parent=649"}],"wp:term":[{"taxonomy":"category","embeddable":true,"href":"https:\/\/3260.com.ar\/web\/wp-json\/wp\/v2\/categories?post=649"},{"taxonomy":"post_tag","embeddable":true,"href":"https:\/\/3260.com.ar\/web\/wp-json\/wp\/v2\/tags?post=649"}],"curies":[{"name":"wp","href":"https:\/\/api.w.org\/{rel}","templated":true}]}}