{"id":6646,"date":"2024-02-13T08:53:32","date_gmt":"2024-02-13T11:53:32","guid":{"rendered":"https:\/\/3260.com.ar\/web\/?p=6646"},"modified":"2024-02-13T09:03:02","modified_gmt":"2024-02-13T12:03:02","slug":"dia-internacional-de-la-radio","status":"publish","type":"post","link":"https:\/\/3260.com.ar\/web\/dia-internacional-de-la-radio\/","title":{"rendered":"DIA INTERNACIONAL DE LA RADIO"},"content":{"rendered":"\n<p><strong>La elecci\u00f3n de este d\u00eda se debe a que el 13 de febrero de 1946 se inaugur\u00f3 la Radio de la Organizaci\u00f3n de las Naciones Unidas<\/strong>. La transmisi\u00f3n se realiz\u00f3 desde las oficinas de la ONU en Nueva York y el primer mensaje fue:\u00a0<strong><em>\u00abEsta es la ONU llamando a todas las personas del mundo\u00bb.<\/em><\/strong><\/p>\n\n\n\n<p><strong>UNESCO&nbsp;<\/strong>estableci\u00f3 la fecha en noviembre de 2011, basados en un pedido que el presidente de la Academia Espa\u00f1ola de la Radio, Jorge \u00c1lvarez, realiz\u00f3 en enero de 2008. Luego, en diciembre de 2012,<strong>&nbsp;la ONU respald\u00f3 la elecci\u00f3n de la fecha, volvi\u00e9ndose parte de la celebraci\u00f3n anual<\/strong>.<\/p>\n\n\n\n<p>DIA DE LA RADIO EN ARGENTINA:<\/p>\n\n\n\n<p>El D\u00eda de la Radio se celebra en esta fecha para recordar a un hecho hist\u00f3rico ocurrido en la Argentina.&nbsp;<strong>El 27 de agosto de 1920 la Sociedad Radio Argentina, realiz\u00f3 en Buenos Aires la primera transmisi\u00f3n radiof\u00f3nica, considerada, por muchos, como la primera emisi\u00f3n de radio programada del mundo<\/strong>, ya que todas las anteriores ten\u00edan un car\u00e1cter experimental.<\/p>\n","protected":false},"excerpt":{"rendered":"<p>La elecci\u00f3n de este d\u00eda se debe a que el 13 de febrero de 1946 se inaugur\u00f3 la Radio de la Organizaci\u00f3n de las Naciones Unidas. La transmisi\u00f3n se realiz\u00f3 desde las oficinas de la ONU en Nueva York y el primer mensaje fue:\u00a0\u00abEsta es la ONU llamando a todas las personas del mundo\u00bb. UNESCO&nbsp;estableci\u00f3 [&hellip;]<\/p>\n","protected":false},"author":2,"featured_media":6647,"comment_status":"open","ping_status":"open","sticky":false,"template":"","format":"standard","meta":{"_jetpack_memberships_contains_paid_content":false,"footnotes":"","jetpack_publicize_message":"","jetpack_publicize_feature_enabled":true,"jetpack_social_post_already_shared":true,"jetpack_social_options":{"image_generator_settings":{"template":"highway","default_image_id":0,"enabled":false},"version":2}},"categories":[174],"tags":[60,331,2006],"class_list":["post-6646","post","type-post","status-publish","format-standard","has-post-thumbnail","hentry","category-cultura","tag-60","tag-concepcion-del-uruguay","tag-dia-internacional-de-la-radio"],"jetpack_publicize_connections":[],"jetpack_featured_media_url":"https:\/\/3260.com.ar\/web\/wp-content\/uploads\/2024\/02\/RAdio-Karina.jpg","jetpack_sharing_enabled":true,"_links":{"self":[{"href":"https:\/\/3260.com.ar\/web\/wp-json\/wp\/v2\/posts\/6646","targetHints":{"allow":["GET"]}}],"collection":[{"href":"https:\/\/3260.com.ar\/web\/wp-json\/wp\/v2\/posts"}],"about":[{"href":"https:\/\/3260.com.ar\/web\/wp-json\/wp\/v2\/types\/post"}],"author":[{"embeddable":true,"href":"https:\/\/3260.com.ar\/web\/wp-json\/wp\/v2\/users\/2"}],"replies":[{"embeddable":true,"href":"https:\/\/3260.com.ar\/web\/wp-json\/wp\/v2\/comments?post=6646"}],"version-history":[{"count":0,"href":"https:\/\/3260.com.ar\/web\/wp-json\/wp\/v2\/posts\/6646\/revisions"}],"wp:featuredmedia":[{"embeddable":true,"href":"https:\/\/3260.com.ar\/web\/wp-json\/wp\/v2\/media\/6647"}],"wp:attachment":[{"href":"https:\/\/3260.com.ar\/web\/wp-json\/wp\/v2\/media?parent=6646"}],"wp:term":[{"taxonomy":"category","embeddable":true,"href":"https:\/\/3260.com.ar\/web\/wp-json\/wp\/v2\/categories?post=6646"},{"taxonomy":"post_tag","embeddable":true,"href":"https:\/\/3260.com.ar\/web\/wp-json\/wp\/v2\/tags?post=6646"}],"curies":[{"name":"wp","href":"https:\/\/api.w.org\/{rel}","templated":true}]}}