{"id":6662,"date":"2024-02-17T00:03:00","date_gmt":"2024-02-17T03:03:00","guid":{"rendered":"https:\/\/3260.com.ar\/web\/?p=6662"},"modified":"2024-02-16T13:48:49","modified_gmt":"2024-02-16T16:48:49","slug":"dia-internacional-lucha-contra-el-cancer-infantil","status":"publish","type":"post","link":"https:\/\/3260.com.ar\/web\/dia-internacional-lucha-contra-el-cancer-infantil\/","title":{"rendered":"DIA INTERNACIONAL \u00abLUCHA CONTRA EL CANCER INFANTIL\u00bb"},"content":{"rendered":"\n<p>Cada 15 de febrero, se conmemora el D\u00eda Internacional del C\u00e1ncer Infantil. <\/p>\n\n\n\n<p>Cada a\u00f1o, aproximadamente 280 mil ni\u00f1os y j\u00f3venes de entre 0 y 19 a\u00f1os, a nivel mundial, se ven afectados por el c\u00e1ncer infantil, un conjunto de enfermedades con caracter\u00edsticas propias definidas, cada una con un nombre, un tratamiento y un pron\u00f3stico espec\u00edfico.<\/p>\n\n\n\n<p>Entre R\u00edos sancion\u00f3 en 2022 una norma especial llamada LEY FELIPE -11.032- que cre\u00f3 el programa provincial de Acompa\u00f1amiento Integral a Familiares de Pacientes Menores Oncol\u00f3gicos Cr\u00f3nicos.<\/p>\n\n\n\n<p>Se cre\u00f3 mediante esta norma provincial un programa que propone acompa\u00f1ar econ\u00f3mica y psicol\u00f3gicamente a las familias de ni\u00f1os, ni\u00f1as y adolescentes con este tipo de enfermedades, otorg\u00e1ndoles licencia laboral, apoyo econ\u00f3mico, transporte y vivienda.<\/p>\n\n\n\n<p>A nivel nacional, la ley 27.674, establece un r\u00e9gimen de Protecci\u00f3n Integral del Ni\u00f1o, Ni\u00f1a y Adolescente con C\u00e1ncer, norma para la cual la provincia est\u00e1 trabajando en su adhesi\u00f3n y reglamentaci\u00f3n, ya que servir\u00eda de complemento y refuerzo para las acciones que se vienen desarrollando en este tema.<\/p>\n\n\n\n<p>En el territorio provincial, el hospital Materno Infantil San Roque, es el principal centro de referencia, donde un equipo multidisciplinario articula las tareas de diagn\u00f3stico y tratamiento, junto al Instituto Nacional del C\u00e1ncer y a otros organismos asistenciales.<\/p>\n\n\n\n<p class=\"has-text-align-right has-small-font-size\">Fuente: Secretar\u00eda Comunicaci\u00f3n E.R.<\/p>\n","protected":false},"excerpt":{"rendered":"<p>Cada 15 de febrero, se conmemora el D\u00eda Internacional del C\u00e1ncer Infantil. Cada a\u00f1o, aproximadamente 280 mil ni\u00f1os y j\u00f3venes de entre 0 y 19 a\u00f1os, a nivel mundial, se ven afectados por el c\u00e1ncer infantil, un conjunto de enfermedades con caracter\u00edsticas propias definidas, cada una con un nombre, un tratamiento y un pron\u00f3stico espec\u00edfico. [&hellip;]<\/p>\n","protected":false},"author":2,"featured_media":6663,"comment_status":"open","ping_status":"open","sticky":false,"template":"","format":"standard","meta":{"_jetpack_memberships_contains_paid_content":false,"footnotes":"","jetpack_publicize_message":"","jetpack_publicize_feature_enabled":true,"jetpack_social_post_already_shared":true,"jetpack_social_options":{"image_generator_settings":{"template":"highway","default_image_id":0,"enabled":false},"version":2}},"categories":[174],"tags":[60,2009,2010],"class_list":["post-6662","post","type-post","status-publish","format-standard","has-post-thumbnail","hentry","category-cultura","tag-60","tag-cancer-infantil","tag-ley-felipe"],"jetpack_publicize_connections":[],"jetpack_featured_media_url":"https:\/\/3260.com.ar\/web\/wp-content\/uploads\/2024\/02\/cancer-infantil.jpg","jetpack_sharing_enabled":true,"_links":{"self":[{"href":"https:\/\/3260.com.ar\/web\/wp-json\/wp\/v2\/posts\/6662","targetHints":{"allow":["GET"]}}],"collection":[{"href":"https:\/\/3260.com.ar\/web\/wp-json\/wp\/v2\/posts"}],"about":[{"href":"https:\/\/3260.com.ar\/web\/wp-json\/wp\/v2\/types\/post"}],"author":[{"embeddable":true,"href":"https:\/\/3260.com.ar\/web\/wp-json\/wp\/v2\/users\/2"}],"replies":[{"embeddable":true,"href":"https:\/\/3260.com.ar\/web\/wp-json\/wp\/v2\/comments?post=6662"}],"version-history":[{"count":0,"href":"https:\/\/3260.com.ar\/web\/wp-json\/wp\/v2\/posts\/6662\/revisions"}],"wp:featuredmedia":[{"embeddable":true,"href":"https:\/\/3260.com.ar\/web\/wp-json\/wp\/v2\/media\/6663"}],"wp:attachment":[{"href":"https:\/\/3260.com.ar\/web\/wp-json\/wp\/v2\/media?parent=6662"}],"wp:term":[{"taxonomy":"category","embeddable":true,"href":"https:\/\/3260.com.ar\/web\/wp-json\/wp\/v2\/categories?post=6662"},{"taxonomy":"post_tag","embeddable":true,"href":"https:\/\/3260.com.ar\/web\/wp-json\/wp\/v2\/tags?post=6662"}],"curies":[{"name":"wp","href":"https:\/\/api.w.org\/{rel}","templated":true}]}}