{"id":6676,"date":"2024-02-19T20:32:19","date_gmt":"2024-02-19T23:32:19","guid":{"rendered":"https:\/\/3260.com.ar\/web\/?p=6676"},"modified":"2024-02-19T20:40:14","modified_gmt":"2024-02-19T23:40:14","slug":"un-bohemio-rumbo-a-los-juegos-olimpicos","status":"publish","type":"post","link":"https:\/\/3260.com.ar\/web\/un-bohemio-rumbo-a-los-juegos-olimpicos\/","title":{"rendered":"UN BOHEMIO RUMBO A LOS JUEGOS OL\u00cdMPICOS"},"content":{"rendered":"\n<p>Juan Ignacio Eihhorst es el atleta ol\u00edmpico que tendr\u00e1 el pueblo\u00bbBohemio\u00bb de San Marcial en Antalya TURQU\u00cdA&nbsp; a competir en el \u201cTRISOME GAMES 2024\u201d entre el 19 y 26 de marzo de 2024.<\/p>\n\n\n\n<p>Tal como inform\u00e1semos en nota espec\u00edfica el C.E.F. 3 fue sede parcial de entrenamientos de algunos integrantes de la Selecci\u00f3n Argentina que viajar\u00e1 a tan magno evento mundial (ver nota <a href=\"https:\/\/3260.com.ar\/web\/seleccion-argentina-de-deportistas-con-sindrome-de-down-se-preparan-para-competir-en-los-juegos-olimpicos-en-turquia\/\" title=\"\">https:\/\/3260.com.ar\/web\/seleccion-argentina-de-deportistas-con-sindrome-de-down-se-preparan-para-competir-en-los-juegos-olimpicos-en-turquia\/<\/a>   )<\/p>\n\n\n\n<p>La producci\u00f3n de la RADIO FM 98.9 \u00abCDELU SPORTS\u00bb logr\u00f3 la palabra de todos los atletas, en este art\u00edculo puntualmente se podr\u00e1 escuchar la exclusiva de Juan Ignacio Eihhorst.<\/p>\n\n\n\n<p>El testimonio en primera persona de un atleta en el tramo final de la preparaci\u00f3n previa a los Juegos Ol\u00edmpicos.<\/p>\n\n\n\n<p>CDELU SPORTS agradece a la familia de \u00abNacho\u00bb as\u00ed como a su profesora Marina Cabrera, y de manera particular al deportista, que se brind\u00f3 con alegr\u00eda para que pudiese producir esta nota, que a continuaci\u00f3n compartimos.<\/p>\n\n\n\n<figure class=\"wp-block-video\"><video controls src=\"https:\/\/3260.com.ar\/web\/wp-content\/uploads\/2024\/02\/NACHO-CUP-CUT-1.mp4\"><\/video><\/figure>\n\n\n\n<figure class=\"wp-block-video\"><\/figure>\n","protected":false},"excerpt":{"rendered":"<p>Juan Ignacio Eihhorst es el atleta ol\u00edmpico que tendr\u00e1 el pueblo\u00bbBohemio\u00bb de San Marcial en Antalya TURQU\u00cdA&nbsp; a competir en el \u201cTRISOME GAMES 2024\u201d entre el 19 y 26 de marzo de 2024. Tal como inform\u00e1semos en nota espec\u00edfica el C.E.F. 3 fue sede parcial de entrenamientos de algunos integrantes de la Selecci\u00f3n Argentina que [&hellip;]<\/p>\n","protected":false},"author":2,"featured_media":6681,"comment_status":"open","ping_status":"open","sticky":false,"template":"","format":"standard","meta":{"_jetpack_memberships_contains_paid_content":false,"footnotes":"","jetpack_publicize_message":"","jetpack_publicize_feature_enabled":true,"jetpack_social_post_already_shared":true,"jetpack_social_options":{"image_generator_settings":{"template":"highway","default_image_id":0,"enabled":false},"version":2}},"categories":[173],"tags":[60,2017,2014,2015,2016],"class_list":["post-6676","post","type-post","status-publish","format-standard","has-post-thumbnail","hentry","category-deportes","tag-60","tag-bohemio","tag-juegos-olimpicos-sindrome-de-down","tag-nacho-eihhorst","tag-villa-san-marcial"],"jetpack_publicize_connections":[],"jetpack_featured_media_url":"https:\/\/3260.com.ar\/web\/wp-content\/uploads\/2024\/02\/Nacho-Eihhorst-y-profe-1.jpg","jetpack_sharing_enabled":true,"_links":{"self":[{"href":"https:\/\/3260.com.ar\/web\/wp-json\/wp\/v2\/posts\/6676","targetHints":{"allow":["GET"]}}],"collection":[{"href":"https:\/\/3260.com.ar\/web\/wp-json\/wp\/v2\/posts"}],"about":[{"href":"https:\/\/3260.com.ar\/web\/wp-json\/wp\/v2\/types\/post"}],"author":[{"embeddable":true,"href":"https:\/\/3260.com.ar\/web\/wp-json\/wp\/v2\/users\/2"}],"replies":[{"embeddable":true,"href":"https:\/\/3260.com.ar\/web\/wp-json\/wp\/v2\/comments?post=6676"}],"version-history":[{"count":0,"href":"https:\/\/3260.com.ar\/web\/wp-json\/wp\/v2\/posts\/6676\/revisions"}],"wp:featuredmedia":[{"embeddable":true,"href":"https:\/\/3260.com.ar\/web\/wp-json\/wp\/v2\/media\/6681"}],"wp:attachment":[{"href":"https:\/\/3260.com.ar\/web\/wp-json\/wp\/v2\/media?parent=6676"}],"wp:term":[{"taxonomy":"category","embeddable":true,"href":"https:\/\/3260.com.ar\/web\/wp-json\/wp\/v2\/categories?post=6676"},{"taxonomy":"post_tag","embeddable":true,"href":"https:\/\/3260.com.ar\/web\/wp-json\/wp\/v2\/tags?post=6676"}],"curies":[{"name":"wp","href":"https:\/\/api.w.org\/{rel}","templated":true}]}}