{"id":6776,"date":"2024-03-12T00:10:00","date_gmt":"2024-03-12T03:10:00","guid":{"rendered":"https:\/\/3260.com.ar\/web\/?p=6776"},"modified":"2024-03-11T16:14:38","modified_gmt":"2024-03-11T19:14:38","slug":"reconocimiento-a-tape-chana","status":"publish","type":"post","link":"https:\/\/3260.com.ar\/web\/reconocimiento-a-tape-chana\/","title":{"rendered":"RECONOCIMIENTO A \u00abTAPE CHAN\u00c1\u00bb"},"content":{"rendered":"\n<p>Villa San Justo (Entre R\u00edos) es una poblaci\u00f3n con fuerte vinculaci\u00f3n a la cultura popular con algunos distinguidos habitantes con trascendencia Nacional e Internacional.<\/p>\n\n\n\n<p>Wilker Hugo Izaguirre (uruguayo de nacimiento y sanjustino por adopci\u00f3n) fue uno de los m\u00e1s destacados exponentes del pueblo en sudam\u00e9rica. La vida f\u00edsica se apag\u00f3 el a\u00f1o pasado, no as\u00ed el legado y su herencia cultural que trascender\u00e1 generaciones.<\/p>\n\n\n\n<p>Por medio de la Ordenanza 630 sancionada el 2 de diciembre de 2023, tras un proyecto presentado por el Concejal Fabio Naranjo y aprobado por unanimidad por el Concejo Deliberante local, el Escenario Mayor de la Municipalidad de San Justo lleva el nombre de \u201cWilker Hugo Izaguirre TAPE CHAN\u00c1\u201d. <\/p>\n\n\n\n<p>Fundamentado la ordenanza en el compromiso personal, familiar y ciudadano del recordado \u201cTAPE\u201d, en el \u00e1mbito de la cultura y el acervo popular, dando a conocer la localidad en los escenarios m\u00e1s importantes de nuestra cultura nacional.<\/p>\n\n\n\n<p>El pasado 8 de Marzo en ocasi\u00f3n de los festejos del 144\u00b0 Aniversario de la localidad se hizo el nombramiento oficial y entrega de recuerdos a sus familiares.<\/p>\n","protected":false},"excerpt":{"rendered":"<p>Villa San Justo (Entre R\u00edos) es una poblaci\u00f3n con fuerte vinculaci\u00f3n a la cultura popular con algunos distinguidos habitantes con trascendencia Nacional e Internacional. Wilker Hugo Izaguirre (uruguayo de nacimiento y sanjustino por adopci\u00f3n) fue uno de los m\u00e1s destacados exponentes del pueblo en sudam\u00e9rica. La vida f\u00edsica se apag\u00f3 el a\u00f1o pasado, no as\u00ed [&hellip;]<\/p>\n","protected":false},"author":2,"featured_media":6777,"comment_status":"open","ping_status":"open","sticky":false,"template":"","format":"standard","meta":{"_jetpack_memberships_contains_paid_content":false,"footnotes":"","jetpack_publicize_message":"","jetpack_publicize_feature_enabled":true,"jetpack_social_post_already_shared":true,"jetpack_social_options":{"image_generator_settings":{"template":"highway","default_image_id":0,"enabled":false},"version":2}},"categories":[174],"tags":[60,331,1874,1470],"class_list":["post-6776","post","type-post","status-publish","format-standard","has-post-thumbnail","hentry","category-cultura","tag-60","tag-concepcion-del-uruguay","tag-tape-chana","tag-villa-san-justo"],"jetpack_publicize_connections":[],"jetpack_featured_media_url":"https:\/\/3260.com.ar\/web\/wp-content\/uploads\/2024\/03\/Tape-Chana.jpg","jetpack_sharing_enabled":true,"_links":{"self":[{"href":"https:\/\/3260.com.ar\/web\/wp-json\/wp\/v2\/posts\/6776","targetHints":{"allow":["GET"]}}],"collection":[{"href":"https:\/\/3260.com.ar\/web\/wp-json\/wp\/v2\/posts"}],"about":[{"href":"https:\/\/3260.com.ar\/web\/wp-json\/wp\/v2\/types\/post"}],"author":[{"embeddable":true,"href":"https:\/\/3260.com.ar\/web\/wp-json\/wp\/v2\/users\/2"}],"replies":[{"embeddable":true,"href":"https:\/\/3260.com.ar\/web\/wp-json\/wp\/v2\/comments?post=6776"}],"version-history":[{"count":0,"href":"https:\/\/3260.com.ar\/web\/wp-json\/wp\/v2\/posts\/6776\/revisions"}],"wp:featuredmedia":[{"embeddable":true,"href":"https:\/\/3260.com.ar\/web\/wp-json\/wp\/v2\/media\/6777"}],"wp:attachment":[{"href":"https:\/\/3260.com.ar\/web\/wp-json\/wp\/v2\/media?parent=6776"}],"wp:term":[{"taxonomy":"category","embeddable":true,"href":"https:\/\/3260.com.ar\/web\/wp-json\/wp\/v2\/categories?post=6776"},{"taxonomy":"post_tag","embeddable":true,"href":"https:\/\/3260.com.ar\/web\/wp-json\/wp\/v2\/tags?post=6776"}],"curies":[{"name":"wp","href":"https:\/\/api.w.org\/{rel}","templated":true}]}}