{"id":6780,"date":"2024-03-13T00:05:00","date_gmt":"2024-03-13T03:05:00","guid":{"rendered":"https:\/\/3260.com.ar\/web\/?p=6780"},"modified":"2024-03-13T19:01:07","modified_gmt":"2024-03-13T22:01:07","slug":"pancho-ramirez-el-supremo-entrerriano","status":"publish","type":"post","link":"https:\/\/3260.com.ar\/web\/pancho-ramirez-el-supremo-entrerriano\/","title":{"rendered":"PANCHO RAMIREZ, \u00abEL SUPREMO ENTRERRIANO\u00bb"},"content":{"rendered":"\n<p>El recorrido de una l\u00ednea del tiempo del \u00abSupremo\u00bb, arranca con un punto de partida incierto. No hay un registro preciso de la fecha de nacimiento.  Se estableci\u00f3 el 13 de marzo de 1786 como fecha oficial para recordar su natalicio de uno de los l\u00edderes hist\u00f3ricos de la ciudad que hoy es Concepci\u00f3n del Uruguay.<\/p>\n\n\n\n<p>Militar y caudillo federalista argentino, fue gobernador de la provincia de&nbsp; Entre R\u00edos durante la guerra que enfrent\u00f3 a las provincias argentinas contra Buenos Aires.( 1820.1821)&nbsp;<\/p>\n\n\n\n<p>Como Gobernador de Entre R\u00edos firm\u00f3 el TRATADO DEL PILAR el 23 de febrero de 1820, junto a los gobernadores de Buenos Aires y Santa Fe.<\/p>\n\n\n\n<p>Hay mucha bibliograf\u00eda que recoge hitos que ponderan el accionar pol\u00edtico-militar de Ramirez con la mirada de las distintas \u00e9pocas en que fueron escritas. Incluso con la difusi\u00f3n de \u00abla duda\u00bb de modos y circunstancias durante y posteriores de su fallecimiento como consecuencia del escaso material para la rigurosa investigaci\u00f3n que confirme lo sucedido.<\/p>\n\n\n\n<p>ACTO OFICIAL EN CONMEMORACI\u00d3N DEL NATALICIO:<\/p>\n\n\n\n<p>La Municipalidad de Concepci\u00f3n del Uruguay, invita al acto oficial a realizarse el 13 de marzo de 2024 desde las 9.30 hs en Plaza Ramirez.<\/p>\n\n\n\n<p>FRANCISCO RAMIREZ, H\u00c9ROE NACIONAL:<\/p>\n\n\n\n<p>Sucedi\u00f3 el jueves 19 de agosto de 2021.&nbsp;El Senado Nacional aprob\u00f3 por unanimidad la LEY que declar\u00f3 a Francisco Ram\u00edrez \u201cH\u00e9roe Nacional\u201d&nbsp;y adem\u00e1s declar\u00f3 al mes de julio de 2021 como \u201cmes de Conmemoraci\u00f3n del Supremo Entrerriano\u201d,&nbsp;defensor y promotor de la causa federal de la Rep\u00fablica Argentina&nbsp;en conmemoraci\u00f3n del bicentenario del fallecimiento del General Francisco Ram\u00edrez.<\/p>\n","protected":false},"excerpt":{"rendered":"<p>El recorrido de una l\u00ednea del tiempo del \u00abSupremo\u00bb, arranca con un punto de partida incierto. No hay un registro preciso de la fecha de nacimiento. Se estableci\u00f3 el 13 de marzo de 1786 como fecha oficial para recordar su natalicio de uno de los l\u00edderes hist\u00f3ricos de la ciudad que hoy es Concepci\u00f3n del [&hellip;]<\/p>\n","protected":false},"author":2,"featured_media":3433,"comment_status":"open","ping_status":"open","sticky":false,"template":"","format":"standard","meta":{"_jetpack_memberships_contains_paid_content":false,"footnotes":"","jetpack_publicize_message":"","jetpack_publicize_feature_enabled":true,"jetpack_social_post_already_shared":true,"jetpack_social_options":{"image_generator_settings":{"template":"highway","default_image_id":0,"enabled":false},"version":2}},"categories":[174],"tags":[60,331,2037],"class_list":["post-6780","post","type-post","status-publish","format-standard","has-post-thumbnail","hentry","category-cultura","tag-60","tag-concepcion-del-uruguay","tag-francisco-ramirez-2"],"jetpack_publicize_connections":[],"jetpack_featured_media_url":"https:\/\/3260.com.ar\/web\/wp-content\/uploads\/2021\/10\/mural-ramirez-delfina.gif","jetpack_sharing_enabled":true,"_links":{"self":[{"href":"https:\/\/3260.com.ar\/web\/wp-json\/wp\/v2\/posts\/6780","targetHints":{"allow":["GET"]}}],"collection":[{"href":"https:\/\/3260.com.ar\/web\/wp-json\/wp\/v2\/posts"}],"about":[{"href":"https:\/\/3260.com.ar\/web\/wp-json\/wp\/v2\/types\/post"}],"author":[{"embeddable":true,"href":"https:\/\/3260.com.ar\/web\/wp-json\/wp\/v2\/users\/2"}],"replies":[{"embeddable":true,"href":"https:\/\/3260.com.ar\/web\/wp-json\/wp\/v2\/comments?post=6780"}],"version-history":[{"count":0,"href":"https:\/\/3260.com.ar\/web\/wp-json\/wp\/v2\/posts\/6780\/revisions"}],"wp:featuredmedia":[{"embeddable":true,"href":"https:\/\/3260.com.ar\/web\/wp-json\/wp\/v2\/media\/3433"}],"wp:attachment":[{"href":"https:\/\/3260.com.ar\/web\/wp-json\/wp\/v2\/media?parent=6780"}],"wp:term":[{"taxonomy":"category","embeddable":true,"href":"https:\/\/3260.com.ar\/web\/wp-json\/wp\/v2\/categories?post=6780"},{"taxonomy":"post_tag","embeddable":true,"href":"https:\/\/3260.com.ar\/web\/wp-json\/wp\/v2\/tags?post=6780"}],"curies":[{"name":"wp","href":"https:\/\/api.w.org\/{rel}","templated":true}]}}