{"id":6937,"date":"2024-04-13T14:35:35","date_gmt":"2024-04-13T17:35:35","guid":{"rendered":"https:\/\/3260.com.ar\/web\/?p=6937"},"modified":"2024-04-13T14:35:36","modified_gmt":"2024-04-13T17:35:36","slug":"liga-juvenil-de-voley-de-concepcion-del-uruguay","status":"publish","type":"post","link":"https:\/\/3260.com.ar\/web\/liga-juvenil-de-voley-de-concepcion-del-uruguay\/","title":{"rendered":"LIGA JUVENIL DE V\u00d3LEY DE CONCEPCI\u00d3N DEL URUGUAY"},"content":{"rendered":"\n<p>Comenz\u00f3 la liga municipal de v\u00f3ley de la hist\u00f3rica, con un prometedor panorama para la temporada 2024.  <\/p>\n\n\n\n<p>Con  la participaci\u00f3n de 60 equipos en las categor\u00edas primera divisi\u00f3n, juveniles U18 \u2013femenino y masculino- y sub 15 femenino promocional.<\/p>\n\n\n\n<p>Este s\u00e1bado 13 de abril ser\u00e1 el turno de las categor\u00edas juveniles y se disputar\u00e1n 21 partidos en la cancha de Lan\u00fas a partir de las 9.00 hs y en el estadio del CEF N\u00b0 3 desde las 13.00 <a><\/a>hs.<\/p>\n\n\n\n<p>La programaci\u00f3n de los encuentros en la categor\u00eda juveniles U15 y U18 de la primera jornada es la siguiente:<\/p>\n\n\n\n<p><strong>\u00abCANCHA DEL CLUB LANUS\u00bb. Desde las  9.00 horas. Categor\u00eda SUB 15 FEMENINO<\/strong><\/p>\n\n\n\n<p>1) CEF N\u00b0 3 vs VILLA LAS LOMAS B<\/p>\n\n\n\n<p>2) PECARI vs LAN\u00daS<\/p>\n\n\n\n<p>3) CEF N\u00b0 3 vs LA ARMONIA<\/p>\n\n\n\n<p>4) SANTA ANITA vs PECARI<\/p>\n\n\n\n<p>5) VILLA LAS LOMAS B vs LA ARMONIA<\/p>\n\n\n\n<p>6) ZANINETTI vs VILLA LAS LOMAS A<\/p>\n\n\n\n<p>7) SANTA ANITA vs LAN\u00daS<\/p>\n\n\n\n<p><strong>CANCHA LAN\u00daS ZONA B . \u00abJUVENILES FEMENINO U18\u00bb<\/strong><\/p>\n\n\n\n<p>13 HS PECARI VS CASEROS<\/p>\n\n\n\n<p>14 HS CASEROS VS VILLA LAS LOMAS B<\/p>\n\n\n\n<p>15 HS PECARI VS CEF N\u00b0 3<\/p>\n\n\n\n<p>16 HS BAJADA GRANDE B VS VILLA LAS LOMAS B<\/p>\n\n\n\n<p><strong>Estadio del C.E.F. N\u00b0 3 CANCHA 1 ZONA A &#8211; JUVENILES FEMENINO U18<\/strong><\/p>\n\n\n\n<p>13 HS GIMNASIA Y ESGRIMA VS BAJADA GRANDE A<\/p>\n\n\n\n<p>14 HS LANUS VS ZANINETTI<\/p>\n\n\n\n<p>15 HS LANUS VS GIMNASIA Y ESGRIMA<\/p>\n\n\n\n<p>16 HS VILLA LAS LOMAS A VS BAJADA GRANDE A<\/p>\n\n\n\n<p><strong>Estadio del C.E.F. N\u00b0 3 &#8211; CANCHA 2 ZONA \u00daNICA &#8211; JUVENILES MASCULINO U18<\/strong><\/p>\n\n\n\n<p>13 HS ZANINETTI AMARILLO VS VILLA LAS LOMAS<\/p>\n\n\n\n<p>14 HRS CEF N\u00b0 3 A VS PECARI VERDE<\/p>\n\n\n\n<p>15 HRS PECARI AMARILLO VS ZANINETTI NEGRO<\/p>\n\n\n\n<p>16 HS ZANINETTI AMARILLO VS CEFN\u00b0 3 B<\/p>\n\n\n\n<p>17 HS ZANINETT NEGRO VS CEF N\u00b0 3<\/p>\n\n\n\n<p>18 HS CEF N\u00b0 3 B VS PECARI VERDE<\/p>\n\n\n\n<p class=\"has-text-align-right has-small-font-size\">Fuente: Direcci\u00f3n Deportes Municipalidad C. del Uruguay<\/p>\n","protected":false},"excerpt":{"rendered":"<p>Comenz\u00f3 la liga municipal de v\u00f3ley de la hist\u00f3rica, con un prometedor panorama para la temporada 2024. Con la participaci\u00f3n de 60 equipos en las categor\u00edas primera divisi\u00f3n, juveniles U18 \u2013femenino y masculino- y sub 15 femenino promocional. Este s\u00e1bado 13 de abril ser\u00e1 el turno de las categor\u00edas juveniles y se disputar\u00e1n 21 partidos [&hellip;]<\/p>\n","protected":false},"author":2,"featured_media":6938,"comment_status":"open","ping_status":"open","sticky":false,"template":"","format":"standard","meta":{"_jetpack_memberships_contains_paid_content":false,"footnotes":"","jetpack_publicize_message":"","jetpack_publicize_feature_enabled":true,"jetpack_social_post_already_shared":true,"jetpack_social_options":{"image_generator_settings":{"template":"highway","default_image_id":0,"enabled":false},"version":2}},"categories":[173],"tags":[60,2075],"class_list":["post-6937","post","type-post","status-publish","format-standard","has-post-thumbnail","hentry","category-deportes","tag-60","tag-liga-municipal-de-voley"],"jetpack_publicize_connections":[],"jetpack_featured_media_url":"https:\/\/3260.com.ar\/web\/wp-content\/uploads\/2024\/04\/Voley-Femeni.jpg","jetpack_sharing_enabled":true,"_links":{"self":[{"href":"https:\/\/3260.com.ar\/web\/wp-json\/wp\/v2\/posts\/6937","targetHints":{"allow":["GET"]}}],"collection":[{"href":"https:\/\/3260.com.ar\/web\/wp-json\/wp\/v2\/posts"}],"about":[{"href":"https:\/\/3260.com.ar\/web\/wp-json\/wp\/v2\/types\/post"}],"author":[{"embeddable":true,"href":"https:\/\/3260.com.ar\/web\/wp-json\/wp\/v2\/users\/2"}],"replies":[{"embeddable":true,"href":"https:\/\/3260.com.ar\/web\/wp-json\/wp\/v2\/comments?post=6937"}],"version-history":[{"count":0,"href":"https:\/\/3260.com.ar\/web\/wp-json\/wp\/v2\/posts\/6937\/revisions"}],"wp:featuredmedia":[{"embeddable":true,"href":"https:\/\/3260.com.ar\/web\/wp-json\/wp\/v2\/media\/6938"}],"wp:attachment":[{"href":"https:\/\/3260.com.ar\/web\/wp-json\/wp\/v2\/media?parent=6937"}],"wp:term":[{"taxonomy":"category","embeddable":true,"href":"https:\/\/3260.com.ar\/web\/wp-json\/wp\/v2\/categories?post=6937"},{"taxonomy":"post_tag","embeddable":true,"href":"https:\/\/3260.com.ar\/web\/wp-json\/wp\/v2\/tags?post=6937"}],"curies":[{"name":"wp","href":"https:\/\/api.w.org\/{rel}","templated":true}]}}