{"id":6947,"date":"2024-04-15T23:58:00","date_gmt":"2024-04-16T02:58:00","guid":{"rendered":"https:\/\/3260.com.ar\/web\/?p=6947"},"modified":"2024-04-15T11:54:32","modified_gmt":"2024-04-15T14:54:32","slug":"huerta-urbana-agroecologica-y-comunitaria","status":"publish","type":"post","link":"https:\/\/3260.com.ar\/web\/huerta-urbana-agroecologica-y-comunitaria\/","title":{"rendered":"HUERTA URBANA, AGROECOL\u00d3GICA Y COMUNITARIA"},"content":{"rendered":"\n<p>La Agencia de Extensi\u00f3n Rural de INTA Concepci\u00f3n del Uruguay invita a toda la comunidad barrial al Taller de Huerta Urbana, Comunitaria y Agroecol\u00f3gica destinado a todo p\u00fablico, especialmente dirigida a adolescentes y familias.<\/p>\n\n\n\n<p>Facilita: Lic. Luc\u00eda Gonz\u00e1lez (FAUNA Cultural y Ambiental)<\/p>\n\n\n\n<p>Dias y horario: De 15 hs. Todos los Martes.<\/p>\n\n\n\n<p>Lugar: SUM Barrio San Isidro<\/p>\n\n\n\n<p><a><\/a>INICIA: Martes 16 de abril.<\/p>\n\n\n\n<p>INSCRIPCIONES: Personalmente en el SUM del Barrio San Isidro (calle Urquiza y Tulipanes), de Lunes a Viernes de 15 a 19 hs. CUPO LIMITADO<\/p>\n\n\n\n<p>ABORDAJE DE CONTENIDOS DE UTILIDAD:<\/p>\n\n\n\n<p>\u2605 Conocimientos y herramientas para la producci\u00f3n de huerta.<\/p>\n\n\n\n<p>\u2605 Alimentaci\u00f3n saludable y sustentable..<\/p>\n\n\n\n<p>\u2605 Cooperaci\u00f3n y trabajo solidario.<\/p>\n\n\n\n<p>\u00bfPara qu\u00e9?<\/p>\n\n\n\n<p>\u25cf Promover la responsabilidad ambiental ciudadana.<\/p>\n\n\n\n<p>\u25cf Promover la alimentaci\u00f3n sana, soberana y la econom\u00eda circular.<\/p>\n\n\n\n<p>\u25cf Autoabastecer a los vecinos\/as con la producci\u00f3n de la huerta.<\/p>\n\n\n\n<p>\u25cf Autoabastecer el comedor del Sal\u00f3n de Usos M\u00faltiples del barrio con la producci\u00f3n de la huerta.<\/p>\n\n\n\n<p>\u25cf Ejercer pr\u00e1cticas sustentables<\/p>\n\n\n\n<p>\u25cf Favorecer la salud mental integral, ayudar a mejorar la motricidad fina y estimular los sentidos y la concentraci\u00f3n.<\/p>\n\n\n\n<p>BIBLIOTECA \u00abFELIX GUTIERREZ\u00bb:<\/p>\n\n\n\n<p>\u2756 Estamos construyendo de a poquito un lugar para que habiten los libros, ya tiene nombre, F\u00e9lix Guti\u00e9rrez, un se\u00f1or que se dedicaba a hacer Teatro en el barrio, como una semilla plantaremos su recuerdo en la biblioteca para que contin\u00fae.<\/p>\n\n\n\n<p>\u2756 En cada jornada podr\u00e1s llevarte un libro y devolver cuando lo termines de leer para que otra persona tambi\u00e9n lo lea.<\/p>\n\n\n\n<p>Esta iniciativa es organizada por el Consejo Provincial del Ni\u00f1o, el Adolescente y la Familia (Copnaf), impulsada y desarrollada por la Direcci\u00f3n de SUM y la Biblioteca Comunitaria y Centro de Documentaci\u00f3n F\u00e9lix Guti\u00e9rrez, cuenta con la participaci\u00f3n t\u00e9cnica y acompa\u00f1amiento del personal de la Agencia de Extensi\u00f3n Rural de INTA Concepci\u00f3n del Uruguay y el apoyo del Espacio Cultural y Ambiental FAUNA.<\/p>\n","protected":false},"excerpt":{"rendered":"<p>La Agencia de Extensi\u00f3n Rural de INTA Concepci\u00f3n del Uruguay invita a toda la comunidad barrial al Taller de Huerta Urbana, Comunitaria y Agroecol\u00f3gica destinado a todo p\u00fablico, especialmente dirigida a adolescentes y familias. Facilita: Lic. Luc\u00eda Gonz\u00e1lez (FAUNA Cultural y Ambiental) Dias y horario: De 15 hs. Todos los Martes. Lugar: SUM Barrio San [&hellip;]<\/p>\n","protected":false},"author":2,"featured_media":6948,"comment_status":"open","ping_status":"open","sticky":false,"template":"","format":"standard","meta":{"_jetpack_memberships_contains_paid_content":false,"footnotes":"","jetpack_publicize_message":"","jetpack_publicize_feature_enabled":true,"jetpack_social_post_already_shared":true,"jetpack_social_options":{"image_generator_settings":{"template":"highway","default_image_id":0,"enabled":false},"version":2}},"categories":[176],"tags":[60,331,2077,886],"class_list":["post-6947","post","type-post","status-publish","format-standard","has-post-thumbnail","hentry","category-educacion","tag-60","tag-concepcion-del-uruguay","tag-huerta-comunitaria","tag-inta"],"jetpack_publicize_connections":[],"jetpack_featured_media_url":"https:\/\/3260.com.ar\/web\/wp-content\/uploads\/2024\/04\/Huerta.jpg","jetpack_sharing_enabled":true,"_links":{"self":[{"href":"https:\/\/3260.com.ar\/web\/wp-json\/wp\/v2\/posts\/6947","targetHints":{"allow":["GET"]}}],"collection":[{"href":"https:\/\/3260.com.ar\/web\/wp-json\/wp\/v2\/posts"}],"about":[{"href":"https:\/\/3260.com.ar\/web\/wp-json\/wp\/v2\/types\/post"}],"author":[{"embeddable":true,"href":"https:\/\/3260.com.ar\/web\/wp-json\/wp\/v2\/users\/2"}],"replies":[{"embeddable":true,"href":"https:\/\/3260.com.ar\/web\/wp-json\/wp\/v2\/comments?post=6947"}],"version-history":[{"count":0,"href":"https:\/\/3260.com.ar\/web\/wp-json\/wp\/v2\/posts\/6947\/revisions"}],"wp:featuredmedia":[{"embeddable":true,"href":"https:\/\/3260.com.ar\/web\/wp-json\/wp\/v2\/media\/6948"}],"wp:attachment":[{"href":"https:\/\/3260.com.ar\/web\/wp-json\/wp\/v2\/media?parent=6947"}],"wp:term":[{"taxonomy":"category","embeddable":true,"href":"https:\/\/3260.com.ar\/web\/wp-json\/wp\/v2\/categories?post=6947"},{"taxonomy":"post_tag","embeddable":true,"href":"https:\/\/3260.com.ar\/web\/wp-json\/wp\/v2\/tags?post=6947"}],"curies":[{"name":"wp","href":"https:\/\/api.w.org\/{rel}","templated":true}]}}