{"id":695,"date":"2020-08-11T12:36:21","date_gmt":"2020-08-11T15:36:21","guid":{"rendered":"http:\/\/3260.com.ar\/web\/?p=695"},"modified":"2020-08-11T12:36:22","modified_gmt":"2020-08-11T15:36:22","slug":"museo-eva-peron-segunda-fase-de-digitalizacion","status":"publish","type":"post","link":"https:\/\/3260.com.ar\/web\/museo-eva-peron-segunda-fase-de-digitalizacion\/","title":{"rendered":"Museo Eva Per\u00f3n: segunda fase de digitalizaci\u00f3n"},"content":{"rendered":"\n<p>El Museo Provincial Hogar Escuela \u201cEva Per\u00f3n\u201d de la ciudad de Paran\u00e1 dio inicio a la segunda fase de <strong>digitalizaci\u00f3n de su patrimonio<\/strong> hist\u00f3rico y cultural.<\/p>\n\n\n\n<p>Este trabajo, articulado entre el Gobierno entrerriano, la Universidad Aut\u00f3noma de Entre r\u00edos (UADER) y el mismo Museo \u201cEva Per\u00f3n\u201d, no s\u00f3lo consta del registro patrimonial del lugar sino tambi\u00e9n de su democratizaci\u00f3n, haci\u00e9ndolo p\u00fablico y accesible para todos los interesados.<\/p>\n\n\n\n<p>Puntualmente la labor que se est\u00e1 realizando, seg\u00fan lo describe en su parte de prensa la Secretar\u00eda de Comunicaci\u00f3n provincial, <strong>\u201cincluye el cargado de actas de recepci\u00f3n de objetos y planos de obras que datan del a\u00f1o 1950-1954\u201d<\/strong>.<\/p>\n\n\n\n<p>Este registro digital pretende crear \u201cuna plataforma digital con el prop\u00f3sito de ordenar, registrar y sistematizar\u201d el patrimonio de este Museo y el de otros organismos de la Secretar\u00eda de Cultura.<\/p>\n","protected":false},"excerpt":{"rendered":"<p>El Museo Provincial Hogar Escuela \u201cEva Per\u00f3n\u201d de la ciudad de Paran\u00e1 dio inicio a la segunda fase de digitalizaci\u00f3n de su patrimonio hist\u00f3rico y cultural. Este trabajo, articulado entre el Gobierno entrerriano, la Universidad Aut\u00f3noma de Entre r\u00edos (UADER) y el mismo Museo \u201cEva Per\u00f3n\u201d, no s\u00f3lo consta del registro patrimonial del lugar sino [&hellip;]<\/p>\n","protected":false},"author":2,"featured_media":696,"comment_status":"open","ping_status":"open","sticky":false,"template":"","format":"standard","meta":{"_jetpack_memberships_contains_paid_content":false,"footnotes":"","jetpack_publicize_message":"","jetpack_publicize_feature_enabled":true,"jetpack_social_post_already_shared":true,"jetpack_social_options":{"image_generator_settings":{"template":"highway","default_image_id":0,"enabled":false},"version":2}},"categories":[174],"tags":[60,280,265],"class_list":["post-695","post","type-post","status-publish","format-standard","has-post-thumbnail","hentry","category-cultura","tag-60","tag-eva-peron","tag-museos"],"jetpack_publicize_connections":[],"jetpack_featured_media_url":"https:\/\/3260.com.ar\/web\/wp-content\/uploads\/2020\/08\/museo_evaperon.gif","jetpack_sharing_enabled":true,"_links":{"self":[{"href":"https:\/\/3260.com.ar\/web\/wp-json\/wp\/v2\/posts\/695","targetHints":{"allow":["GET"]}}],"collection":[{"href":"https:\/\/3260.com.ar\/web\/wp-json\/wp\/v2\/posts"}],"about":[{"href":"https:\/\/3260.com.ar\/web\/wp-json\/wp\/v2\/types\/post"}],"author":[{"embeddable":true,"href":"https:\/\/3260.com.ar\/web\/wp-json\/wp\/v2\/users\/2"}],"replies":[{"embeddable":true,"href":"https:\/\/3260.com.ar\/web\/wp-json\/wp\/v2\/comments?post=695"}],"version-history":[{"count":0,"href":"https:\/\/3260.com.ar\/web\/wp-json\/wp\/v2\/posts\/695\/revisions"}],"wp:featuredmedia":[{"embeddable":true,"href":"https:\/\/3260.com.ar\/web\/wp-json\/wp\/v2\/media\/696"}],"wp:attachment":[{"href":"https:\/\/3260.com.ar\/web\/wp-json\/wp\/v2\/media?parent=695"}],"wp:term":[{"taxonomy":"category","embeddable":true,"href":"https:\/\/3260.com.ar\/web\/wp-json\/wp\/v2\/categories?post=695"},{"taxonomy":"post_tag","embeddable":true,"href":"https:\/\/3260.com.ar\/web\/wp-json\/wp\/v2\/tags?post=695"}],"curies":[{"name":"wp","href":"https:\/\/api.w.org\/{rel}","templated":true}]}}