{"id":6958,"date":"2024-04-20T00:02:00","date_gmt":"2024-04-20T03:02:00","guid":{"rendered":"https:\/\/3260.com.ar\/web\/?p=6958"},"modified":"2024-04-18T19:11:22","modified_gmt":"2024-04-18T22:11:22","slug":"danzas-folkloricas-en-uader","status":"publish","type":"post","link":"https:\/\/3260.com.ar\/web\/danzas-folkloricas-en-uader\/","title":{"rendered":"DANZAS FOLKL\u00d3RICAS EN UADER"},"content":{"rendered":"\n<p>La Secretar\u00eda de Integraci\u00f3n y Cooperaci\u00f3n de UADER invita a la comunidad universitaria y al p\u00fablico en general a sumarse al taller gratuito de Danzas Folkl\u00f3ricas .<\/p>\n\n\n\n<p>La profesora a cargo ser\u00e1 Viviana Hern\u00e1ndez y las clases se llevar\u00e1n a cabo los s\u00e1bados por la ma\u00f1ana, de 10:00 a 13:00 horas, en el Anexo del Colegio del Uruguay \u00abJusto Jos\u00e9 de Urquiza\u00bb, Leguizam\u00f3n 25. Fecha de inicio 4 de mayo de 2024.<\/p>\n\n\n\n<p>Inscripciones presenciales en :Coordinaci\u00f3n de Rectorado de UADER, 25 de Mayo 385, 1\u00b0 piso, de 8:30 a 12:00hs. y de 16:00 a 19:30hs. Celular de contacto  3442-433767.<\/p>\n\n\n\n<p>Contacto: comunicacion.coordinacioncdelu@uader.edu.ar<\/p>\n\n\n\n<p><a href=\"https:\/\/forms.gle\/3PXJoBy9RiWZpN7Y8\" title=\"\">https:\/\/forms.gle\/3PXJoBy9RiWZpN7Y8<\/a><\/p>\n\n\n\n<p><\/p>\n","protected":false},"excerpt":{"rendered":"<p>La Secretar\u00eda de Integraci\u00f3n y Cooperaci\u00f3n de UADER invita a la comunidad universitaria y al p\u00fablico en general a sumarse al taller gratuito de Danzas Folkl\u00f3ricas . La profesora a cargo ser\u00e1 Viviana Hern\u00e1ndez y las clases se llevar\u00e1n a cabo los s\u00e1bados por la ma\u00f1ana, de 10:00 a 13:00 horas, en el Anexo del [&hellip;]<\/p>\n","protected":false},"author":2,"featured_media":6959,"comment_status":"open","ping_status":"open","sticky":false,"template":"","format":"standard","meta":{"_jetpack_memberships_contains_paid_content":false,"footnotes":"","jetpack_publicize_message":"","jetpack_publicize_feature_enabled":true,"jetpack_social_post_already_shared":true,"jetpack_social_options":{"image_generator_settings":{"template":"highway","default_image_id":0,"enabled":false},"version":2}},"categories":[174],"tags":[60,331,2084],"class_list":["post-6958","post","type-post","status-publish","format-standard","has-post-thumbnail","hentry","category-cultura","tag-60","tag-concepcion-del-uruguay","tag-taller-de-folklore"],"jetpack_publicize_connections":[],"jetpack_featured_media_url":"https:\/\/3260.com.ar\/web\/wp-content\/uploads\/2024\/04\/Taller-Folklore.jpg","jetpack_sharing_enabled":true,"_links":{"self":[{"href":"https:\/\/3260.com.ar\/web\/wp-json\/wp\/v2\/posts\/6958","targetHints":{"allow":["GET"]}}],"collection":[{"href":"https:\/\/3260.com.ar\/web\/wp-json\/wp\/v2\/posts"}],"about":[{"href":"https:\/\/3260.com.ar\/web\/wp-json\/wp\/v2\/types\/post"}],"author":[{"embeddable":true,"href":"https:\/\/3260.com.ar\/web\/wp-json\/wp\/v2\/users\/2"}],"replies":[{"embeddable":true,"href":"https:\/\/3260.com.ar\/web\/wp-json\/wp\/v2\/comments?post=6958"}],"version-history":[{"count":0,"href":"https:\/\/3260.com.ar\/web\/wp-json\/wp\/v2\/posts\/6958\/revisions"}],"wp:featuredmedia":[{"embeddable":true,"href":"https:\/\/3260.com.ar\/web\/wp-json\/wp\/v2\/media\/6959"}],"wp:attachment":[{"href":"https:\/\/3260.com.ar\/web\/wp-json\/wp\/v2\/media?parent=6958"}],"wp:term":[{"taxonomy":"category","embeddable":true,"href":"https:\/\/3260.com.ar\/web\/wp-json\/wp\/v2\/categories?post=6958"},{"taxonomy":"post_tag","embeddable":true,"href":"https:\/\/3260.com.ar\/web\/wp-json\/wp\/v2\/tags?post=6958"}],"curies":[{"name":"wp","href":"https:\/\/api.w.org\/{rel}","templated":true}]}}