{"id":7052,"date":"2024-05-07T00:02:00","date_gmt":"2024-05-07T03:02:00","guid":{"rendered":"https:\/\/3260.com.ar\/web\/?p=7052"},"modified":"2024-05-06T18:48:58","modified_gmt":"2024-05-06T21:48:58","slug":"residencias-medicas-especializadas","status":"publish","type":"post","link":"https:\/\/3260.com.ar\/web\/residencias-medicas-especializadas\/","title":{"rendered":"RESIDENCIAS M\u00c9DICAS ESPECIALIZADAS"},"content":{"rendered":"\n<p>Este sistema de aprendizaje se basa en la pr\u00e1ctica supervisada con responsabilidades crecientes, adecuadas para cada nivel e individuo. Est\u00e1 orientado a una especialidad y es remunerado.<\/p>\n\n\n\n<p>En general, el proceso formativo se extiende por cuatro a\u00f1os, siendo los tres primeros de dedicaci\u00f3n exclusiva. A partir del cuarto a\u00f1o se produce el desbloqueo de la matr\u00edcula, lo que permite a los residentes desenvolverse en el \u00e1mbito privado o fuera de la instituci\u00f3n que los est\u00e1 formando.<\/p>\n\n\n\n<p><strong>Precisiones<\/strong><\/p>\n\n\n\n<p>En este llamado las especialidades a concursar son: Cl\u00ednica m\u00e9dica; Neurolog\u00eda; Medicina general y familiar; Ortopedia y traumatolog\u00eda; Pediatr\u00eda; Tocoginecolog\u00eda; Cardiolog\u00eda; Anestesiolog\u00eda; Cirug\u00eda general; Emergentolog\u00eda; Epidemiolog\u00eda en salud; Cirug\u00eda infantil; Obstetricia comunitaria; Hematolog\u00eda; Terapia intensiva adulto &#8211; (b\u00e1sica articulada); Nefrolog\u00eda adulto (b\u00e1sica articulada); Bioqu\u00edmica cl\u00ednica; Post b\u00e1sica de neonatolog\u00eda; Post b\u00e1sica &#8211; terapia intensiva adulto; Post b\u00e1sica &#8211; cuidados paliativos; Post b\u00e1sica &#8211; terapia intensiva pedi\u00e1trica; Interdisciplinaria de salud mental (Psiquiatr\u00eda, Trabajo Social, Terapia ocupacional; Enfermer\u00eda; Comunicaci\u00f3n Social; Psicolog\u00eda) e Interdisciplinaria de salud mental&nbsp; infanto juvenil (Psicolog\u00eda- Psicopedagog\u00eda- Medicina).<\/p>\n\n\n\n<p>En total se concursan 48 becas nacionales y 96 provinciales (la cantidad de cupos var\u00eda seg\u00fan la especialidad). En esta primera semana de inscripciones ya se registraron 117 preinscripciones, mientras que el a\u00f1o pasado hab\u00edan sido 106 en total.<\/p>\n\n\n\n<p>Tanto el examen \u00fanico como el de post b\u00e1sicas y otras especialidades se llevar\u00e1n a cabo el martes 2 de julio (con lugar a confirmar).<\/p>\n\n\n\n<p>Detalle de la documentaci\u00f3n requerida:&nbsp;<a href=\"https:\/\/www.entrerios.gov.ar\/msalud\/?page_id=66\">https:\/\/www.entrerios.gov.ar\/msalud\/?page_id=66<\/a><\/p>\n\n\n\n<p>Presentar la documentaci\u00f3n en: Ministerio de Salud \/ Coordinaci\u00f3n de Residencias M\u00e9dicas (datos de contacto debajo), de 8 a 12.<\/p>\n\n\n\n<p>Dudas o consultas: residencias.medicas.entrerios@gmail.com<\/p>\n\n\n\n<h5 class=\"wp-block-heading\">Contacto<\/h5>\n\n\n\n<p><strong>Ministerio de Salud \/ Coordinaci\u00f3n de Residencias M\u00e9dicas<\/strong><br>Domicilio: 25 de Mayo N\u00b0 139, PB &#8211; PARANA, PARANA<br>Tel\u00e9fono: (0343) 4209631 \/ 4219052<\/p>\n","protected":false},"excerpt":{"rendered":"<p>Este sistema de aprendizaje se basa en la pr\u00e1ctica supervisada con responsabilidades crecientes, adecuadas para cada nivel e individuo. Est\u00e1 orientado a una especialidad y es remunerado. En general, el proceso formativo se extiende por cuatro a\u00f1os, siendo los tres primeros de dedicaci\u00f3n exclusiva. A partir del cuarto a\u00f1o se produce el desbloqueo de la [&hellip;]<\/p>\n","protected":false},"author":2,"featured_media":7053,"comment_status":"open","ping_status":"open","sticky":false,"template":"","format":"standard","meta":{"_jetpack_memberships_contains_paid_content":false,"footnotes":"","jetpack_publicize_message":"","jetpack_publicize_feature_enabled":true,"jetpack_social_post_already_shared":true,"jetpack_social_options":{"image_generator_settings":{"template":"highway","default_image_id":0,"enabled":false},"version":2}},"categories":[176],"tags":[60,2106],"class_list":["post-7052","post","type-post","status-publish","format-standard","has-post-thumbnail","hentry","category-educacion","tag-60","tag-residencias-medicas"],"jetpack_publicize_connections":[],"jetpack_featured_media_url":"https:\/\/3260.com.ar\/web\/wp-content\/uploads\/2024\/05\/Residencias-Medicas.webp","jetpack_sharing_enabled":true,"_links":{"self":[{"href":"https:\/\/3260.com.ar\/web\/wp-json\/wp\/v2\/posts\/7052","targetHints":{"allow":["GET"]}}],"collection":[{"href":"https:\/\/3260.com.ar\/web\/wp-json\/wp\/v2\/posts"}],"about":[{"href":"https:\/\/3260.com.ar\/web\/wp-json\/wp\/v2\/types\/post"}],"author":[{"embeddable":true,"href":"https:\/\/3260.com.ar\/web\/wp-json\/wp\/v2\/users\/2"}],"replies":[{"embeddable":true,"href":"https:\/\/3260.com.ar\/web\/wp-json\/wp\/v2\/comments?post=7052"}],"version-history":[{"count":0,"href":"https:\/\/3260.com.ar\/web\/wp-json\/wp\/v2\/posts\/7052\/revisions"}],"wp:featuredmedia":[{"embeddable":true,"href":"https:\/\/3260.com.ar\/web\/wp-json\/wp\/v2\/media\/7053"}],"wp:attachment":[{"href":"https:\/\/3260.com.ar\/web\/wp-json\/wp\/v2\/media?parent=7052"}],"wp:term":[{"taxonomy":"category","embeddable":true,"href":"https:\/\/3260.com.ar\/web\/wp-json\/wp\/v2\/categories?post=7052"},{"taxonomy":"post_tag","embeddable":true,"href":"https:\/\/3260.com.ar\/web\/wp-json\/wp\/v2\/tags?post=7052"}],"curies":[{"name":"wp","href":"https:\/\/api.w.org\/{rel}","templated":true}]}}