{"id":708,"date":"2020-08-12T14:05:30","date_gmt":"2020-08-12T17:05:30","guid":{"rendered":"http:\/\/3260.com.ar\/web\/?p=708"},"modified":"2020-08-12T14:05:30","modified_gmt":"2020-08-12T17:05:30","slug":"miercoles-de-pena-de-costa-a-costa","status":"publish","type":"post","link":"https:\/\/3260.com.ar\/web\/miercoles-de-pena-de-costa-a-costa\/","title":{"rendered":"Mi\u00e9rcoles de Pe\u00f1a \u00abDe Costa a Costa\u00bb"},"content":{"rendered":"\n<p>Esta noche y por LT11 Radio \u201cGral. Francisco Ram\u00edrez\u201d se emitir\u00e1 un nuevo programa de <strong>\u201cLa Pe\u00f1a de Costa a Costa\u201d<\/strong>, programa semanal producido por el movimiento folcl\u00f3rico hom\u00f3nimo entrerriano.<\/p>\n\n\n\n<p>La emisi\u00f3n del d\u00eda de hoy contar\u00e1 con la m\u00fasica de An\u00edbal Sampayo, Jorge Cafrune, Jorge M\u00e9ndez y Alcides M\u00fcller, adem\u00e1s de una entrevista con Yamila Cafrune.<\/p>\n\n\n\n<p>Este ciclo radial conducido por el acordeonista uruguayense Facundo Torres\u00e1n sale al aire de la radio AM 1560 desde la hora 22 y tambi\u00e9n puede escucharse a trav\u00e9s del sitio web de la <a href=\"http:\/\/vmf.edge-apps.net\/embed\/live.php?streamname=sc_rad45-100131&amp;autoplay=true&amp;fbclid=IwAR1O2WNMyQbaqUr1k_5qM1Kx3BZcKFGa8MJDepraiIAMDgu56AfN_EVezf4\">Radio Nacional<\/a>.<\/p>\n","protected":false},"excerpt":{"rendered":"<p>Esta noche y por LT11 Radio \u201cGral. Francisco Ram\u00edrez\u201d se emitir\u00e1 un nuevo programa de \u201cLa Pe\u00f1a de Costa a Costa\u201d, programa semanal producido por el movimiento folcl\u00f3rico hom\u00f3nimo entrerriano. La emisi\u00f3n del d\u00eda de hoy contar\u00e1 con la m\u00fasica de An\u00edbal Sampayo, Jorge Cafrune, Jorge M\u00e9ndez y Alcides M\u00fcller, adem\u00e1s de una entrevista con [&hellip;]<\/p>\n","protected":false},"author":2,"featured_media":709,"comment_status":"open","ping_status":"open","sticky":false,"template":"","format":"standard","meta":{"_jetpack_memberships_contains_paid_content":false,"footnotes":"","jetpack_publicize_message":"","jetpack_publicize_feature_enabled":true,"jetpack_social_post_already_shared":true,"jetpack_social_options":{"image_generator_settings":{"template":"highway","default_image_id":0,"enabled":false},"version":2}},"categories":[174],"tags":[60,283,284,196,197],"class_list":["post-708","post","type-post","status-publish","format-standard","has-post-thumbnail","hentry","category-cultura","tag-60","tag-de-costa-a-costa","tag-folclore","tag-musica","tag-pena"],"jetpack_publicize_connections":[],"jetpack_featured_media_url":"https:\/\/3260.com.ar\/web\/wp-content\/uploads\/2020\/08\/costaacosta.gif","jetpack_sharing_enabled":true,"_links":{"self":[{"href":"https:\/\/3260.com.ar\/web\/wp-json\/wp\/v2\/posts\/708","targetHints":{"allow":["GET"]}}],"collection":[{"href":"https:\/\/3260.com.ar\/web\/wp-json\/wp\/v2\/posts"}],"about":[{"href":"https:\/\/3260.com.ar\/web\/wp-json\/wp\/v2\/types\/post"}],"author":[{"embeddable":true,"href":"https:\/\/3260.com.ar\/web\/wp-json\/wp\/v2\/users\/2"}],"replies":[{"embeddable":true,"href":"https:\/\/3260.com.ar\/web\/wp-json\/wp\/v2\/comments?post=708"}],"version-history":[{"count":0,"href":"https:\/\/3260.com.ar\/web\/wp-json\/wp\/v2\/posts\/708\/revisions"}],"wp:featuredmedia":[{"embeddable":true,"href":"https:\/\/3260.com.ar\/web\/wp-json\/wp\/v2\/media\/709"}],"wp:attachment":[{"href":"https:\/\/3260.com.ar\/web\/wp-json\/wp\/v2\/media?parent=708"}],"wp:term":[{"taxonomy":"category","embeddable":true,"href":"https:\/\/3260.com.ar\/web\/wp-json\/wp\/v2\/categories?post=708"},{"taxonomy":"post_tag","embeddable":true,"href":"https:\/\/3260.com.ar\/web\/wp-json\/wp\/v2\/tags?post=708"}],"curies":[{"name":"wp","href":"https:\/\/api.w.org\/{rel}","templated":true}]}}