{"id":7289,"date":"2024-06-21T00:05:00","date_gmt":"2024-06-21T03:05:00","guid":{"rendered":"https:\/\/3260.com.ar\/web\/?p=7289"},"modified":"2024-06-18T14:24:54","modified_gmt":"2024-06-18T17:24:54","slug":"companero-del-alma-nuevo-arroz-con-genetica-de-i-n-t-a","status":"publish","type":"post","link":"https:\/\/3260.com.ar\/web\/companero-del-alma-nuevo-arroz-con-genetica-de-i-n-t-a\/","title":{"rendered":"COMPA\u00d1ERO DEL ALMA, NUEVO ARROZ CON GEN\u00c9TICA DE I.N.T.A."},"content":{"rendered":"\n<p>Entre los cereales m\u00e1s producidos y consumidos en el mundo, el arroz ocupa un rol protag\u00f3nico. El 90 % de su producci\u00f3n se concentra en el continente asi\u00e1tico, donde es considerado el alimento b\u00e1sico para su poblaci\u00f3n. Fuera de Asia, Brasil es el principal pa\u00eds productor de arroz, cuyas plantaciones se ubican en Rio Grande Do Sul. En este estado se registraron en las \u00faltimas semanas fuertes lluvias e inundaciones que afectaron diversas actividades productivas, entre ellas la arrocera.<\/p>\n\n\n\n<p>Frente a este escenario, Brasil autoriz\u00f3 la importaci\u00f3n de arroz para enfrentar los efectos de los eventos clim\u00e1ticos extremos y asegurar la seguridad alimentaria de su poblaci\u00f3n. Para Jos\u00e9 Colazo -coordinador del grupo de mejoramiento gen\u00e9tico de arroz del INTA Concepci\u00f3n del Uruguay, Entre R\u00edos-, \u201cesto representa una oportunidad comercial para los pa\u00edses vecinos. Puntualmente para la Argentina, esta medida puede ser beneficiosa, ya que implica ventas a corto plazo\u201d.<\/p>\n\n\n\n<p>Seg\u00fan detall\u00f3, \u201cla cosecha de arroz en el territorio nacional est\u00e1 finalizando y se espera que no supere el mill\u00f3n de toneladas de base elaborado. De esta producci\u00f3n, se prev\u00e9 destinar un 40 % a la exportaci\u00f3n, en la que Brasil podr\u00eda convertirse en nuestro principal destino, absorbiendo el 50 % de esa oferta\u201d.<\/p>\n\n\n\n<p>Con el objetivo de acompa\u00f1ar al sector arrocero nacional, se present\u00f3 una nueva variedad: Angiru INTA CL cuyo nombre significa \u201ccompa\u00f1ero del alma\u201d y proviene de los vocablos guaran\u00edes anga (alma) e iru (compa\u00f1ero).<\/p>\n\n\n\n<p>\u201cEste \u00faltimo avance en gen\u00e9tica del grupo de mejoramiento gen\u00e9tico de arroz del INTA estar\u00e1 disponible para los productores en la campa\u00f1a 2024-2025\u201d, especific\u00f3 Colazo, quien aclar\u00f3 que \u201cla semilla original de este cultivar ser\u00e1 producida por la Fundaci\u00f3n Proarroz en el marco del convenio con el INTA\u201d.<\/p>\n\n\n\n<p class=\"has-text-align-right has-small-font-size\">Fuente: https:\/\/intainforma.inta.gob.ar\/<\/p>\n","protected":false},"excerpt":{"rendered":"<p>Entre los cereales m\u00e1s producidos y consumidos en el mundo, el arroz ocupa un rol protag\u00f3nico. El 90 % de su producci\u00f3n se concentra en el continente asi\u00e1tico, donde es considerado el alimento b\u00e1sico para su poblaci\u00f3n. Fuera de Asia, Brasil es el principal pa\u00eds productor de arroz, cuyas plantaciones se ubican en Rio Grande [&hellip;]<\/p>\n","protected":false},"author":2,"featured_media":7290,"comment_status":"open","ping_status":"open","sticky":false,"template":"","format":"standard","meta":{"_jetpack_memberships_contains_paid_content":false,"footnotes":"","jetpack_publicize_message":"","jetpack_publicize_feature_enabled":true,"jetpack_social_post_already_shared":true,"jetpack_social_options":{"image_generator_settings":{"template":"highway","default_image_id":0,"enabled":false},"version":2}},"categories":[174],"tags":[60,2163,886],"class_list":["post-7289","post","type-post","status-publish","format-standard","has-post-thumbnail","hentry","category-cultura","tag-60","tag-arroz-companero-del-alma","tag-inta"],"jetpack_publicize_connections":[],"jetpack_featured_media_url":"https:\/\/3260.com.ar\/web\/wp-content\/uploads\/2024\/06\/Arroz-INTA.jpg","jetpack_sharing_enabled":true,"_links":{"self":[{"href":"https:\/\/3260.com.ar\/web\/wp-json\/wp\/v2\/posts\/7289","targetHints":{"allow":["GET"]}}],"collection":[{"href":"https:\/\/3260.com.ar\/web\/wp-json\/wp\/v2\/posts"}],"about":[{"href":"https:\/\/3260.com.ar\/web\/wp-json\/wp\/v2\/types\/post"}],"author":[{"embeddable":true,"href":"https:\/\/3260.com.ar\/web\/wp-json\/wp\/v2\/users\/2"}],"replies":[{"embeddable":true,"href":"https:\/\/3260.com.ar\/web\/wp-json\/wp\/v2\/comments?post=7289"}],"version-history":[{"count":1,"href":"https:\/\/3260.com.ar\/web\/wp-json\/wp\/v2\/posts\/7289\/revisions"}],"predecessor-version":[{"id":7291,"href":"https:\/\/3260.com.ar\/web\/wp-json\/wp\/v2\/posts\/7289\/revisions\/7291"}],"wp:featuredmedia":[{"embeddable":true,"href":"https:\/\/3260.com.ar\/web\/wp-json\/wp\/v2\/media\/7290"}],"wp:attachment":[{"href":"https:\/\/3260.com.ar\/web\/wp-json\/wp\/v2\/media?parent=7289"}],"wp:term":[{"taxonomy":"category","embeddable":true,"href":"https:\/\/3260.com.ar\/web\/wp-json\/wp\/v2\/categories?post=7289"},{"taxonomy":"post_tag","embeddable":true,"href":"https:\/\/3260.com.ar\/web\/wp-json\/wp\/v2\/tags?post=7289"}],"curies":[{"name":"wp","href":"https:\/\/api.w.org\/{rel}","templated":true}]}}