{"id":7309,"date":"2024-06-26T00:04:00","date_gmt":"2024-06-26T03:04:00","guid":{"rendered":"https:\/\/3260.com.ar\/web\/?p=7309"},"modified":"2024-06-24T20:50:32","modified_gmt":"2024-06-24T23:50:32","slug":"virus-respiratorios-en-pacientes-pediatricos","status":"publish","type":"post","link":"https:\/\/3260.com.ar\/web\/virus-respiratorios-en-pacientes-pediatricos\/","title":{"rendered":"VIRUS RESPIRATORIOS EN PACIENTES PEDI\u00c1TRICOS"},"content":{"rendered":"\n<p>Bronquiolitis, Gripe A y Covid son las principales causas de internaci\u00f3n en la Provincia de Entre R\u00edos.<\/p>\n\n\n\n<p>Para obtener esta informaci\u00f3n se analizaron los datos notificados por los establecimientos de salud provinciales de personas internadas por Infecci\u00f3n Respiratoria Aguda (IRAG) hasta el d\u00eda 15 de junio. Es importante destacar que los datos no representan la totalidad de los casos de IRAG, pero se considera que la informaci\u00f3n aporta un buen indicador de la incidencia de los virus respiratorios que predominan en la temporada para poder definir acciones y elaborar recomendaciones.<\/p>\n\n\n\n<p>Por lo tanto, a partir del an\u00e1lisis de esta informaci\u00f3n se inst\u00f3 a los equipos de salud a sostener la vigilancia epidemiol\u00f3gica de las IRAG incluyendo la identificaci\u00f3n de los virus circulantes y a reforzar las medidas de prevenci\u00f3n.<\/p>\n\n\n\n<p>Asimismo, se recuerda que es fundamental que la poblaci\u00f3n mantenga las medidas de prevenci\u00f3n y control de las IRAG:<\/p>\n\n\n\n<p>-Lavarse las manos con agua y jab\u00f3n de manera frecuente.<\/p>\n\n\n\n<p>-Limpiar las superficies.<\/p>\n\n\n\n<p>-Evitar tocarse los ojos, la boca y la nariz.<\/p>\n\n\n\n<p>-Toser o estornudar sobre el pliegue del codo<\/p>\n\n\n\n<p>-Descartar el pa\u00f1uelo de papel despu\u00e9s de usarlo.<\/p>\n\n\n\n<p>-No compartir mate, vasos y cubiertos.<\/p>\n\n\n\n<p>-Usar barbijo en \u00e1reas de pacientes con infecciones respiratorias.<\/p>\n\n\n\n<p>-Ventilar la casa, al menos una vez por d\u00eda.<\/p>\n\n\n\n<p>-Protegerse por medio de la vacunaci\u00f3n: antigripal para los grupos de riesgo, VSR para embarazadas, refuerzos de Covid para toda la poblaci\u00f3n, y contra el neumococo en adultos de 65 a\u00f1os en adelante.<\/p>\n\n\n\n<p><strong>Precisiones<\/strong><\/p>\n\n\n\n<p>Se analizaron 300 casos internados, con datos del Sistema de Vigilancia de la Salud Epidemiol\u00f3gica (SNVS 2.0).<\/p>\n\n\n\n<p>Esto permiti\u00f3 conocer que se registraron 182 internaciones en el grupo de menores de 14 a\u00f1os. En esta poblaci\u00f3n se observ\u00f3 predominio del virus SARS-CoV-2 (Coronavirus) en las primeras semanas. Luego, aparecieron el VSR (responsable de la Bronquiolitis) y el virus Influenza A (causante de la Gripe A), los cuales han mantenido una circulaci\u00f3n importante hasta la actualidad.<\/p>\n\n\n\n<p>P\u00e1rrafo aparte, en pacientes ambulatorios tambi\u00e9n se identific\u00f3 la presencia de otros virus respiratorios como Adenovirus y Parainfluenza (aunque en menor proporci\u00f3n).<\/p>\n\n\n\n<p>Adem\u00e1s, se analizaron 118 internaciones correspondientes al grupo poblacional de 14 a\u00f1os en adelante, en las que se observ\u00f3 un predominio del virus SARS-CoV-2 y del virus Influenza A.<\/p>\n\n\n\n<p>En ambos grupos se evidencia un importante aumento de casos en el \u00faltimo mes.<\/p>\n\n\n\n<p class=\"has-text-align-right has-small-font-size\">Fuente: Secretar\u00eda de Comunicaci\u00f3n E.R<\/p>\n","protected":false},"excerpt":{"rendered":"<p>Bronquiolitis, Gripe A y Covid son las principales causas de internaci\u00f3n en la Provincia de Entre R\u00edos. Para obtener esta informaci\u00f3n se analizaron los datos notificados por los establecimientos de salud provinciales de personas internadas por Infecci\u00f3n Respiratoria Aguda (IRAG) hasta el d\u00eda 15 de junio. Es importante destacar que los datos no representan la [&hellip;]<\/p>\n","protected":false},"author":2,"featured_media":7151,"comment_status":"open","ping_status":"open","sticky":false,"template":"","format":"standard","meta":{"_jetpack_memberships_contains_paid_content":false,"footnotes":"","jetpack_publicize_message":"","jetpack_publicize_feature_enabled":true,"jetpack_social_post_already_shared":true,"jetpack_social_options":{"image_generator_settings":{"template":"highway","default_image_id":0,"enabled":false},"version":2}},"categories":[176],"tags":[60,2170],"class_list":["post-7309","post","type-post","status-publish","format-standard","has-post-thumbnail","hentry","category-educacion","tag-60","tag-virus-respiratorios"],"jetpack_publicize_connections":[],"jetpack_featured_media_url":"https:\/\/3260.com.ar\/web\/wp-content\/uploads\/2024\/05\/Enfermedades-respiratorias.jpg","jetpack_sharing_enabled":true,"_links":{"self":[{"href":"https:\/\/3260.com.ar\/web\/wp-json\/wp\/v2\/posts\/7309","targetHints":{"allow":["GET"]}}],"collection":[{"href":"https:\/\/3260.com.ar\/web\/wp-json\/wp\/v2\/posts"}],"about":[{"href":"https:\/\/3260.com.ar\/web\/wp-json\/wp\/v2\/types\/post"}],"author":[{"embeddable":true,"href":"https:\/\/3260.com.ar\/web\/wp-json\/wp\/v2\/users\/2"}],"replies":[{"embeddable":true,"href":"https:\/\/3260.com.ar\/web\/wp-json\/wp\/v2\/comments?post=7309"}],"version-history":[{"count":1,"href":"https:\/\/3260.com.ar\/web\/wp-json\/wp\/v2\/posts\/7309\/revisions"}],"predecessor-version":[{"id":7310,"href":"https:\/\/3260.com.ar\/web\/wp-json\/wp\/v2\/posts\/7309\/revisions\/7310"}],"wp:featuredmedia":[{"embeddable":true,"href":"https:\/\/3260.com.ar\/web\/wp-json\/wp\/v2\/media\/7151"}],"wp:attachment":[{"href":"https:\/\/3260.com.ar\/web\/wp-json\/wp\/v2\/media?parent=7309"}],"wp:term":[{"taxonomy":"category","embeddable":true,"href":"https:\/\/3260.com.ar\/web\/wp-json\/wp\/v2\/categories?post=7309"},{"taxonomy":"post_tag","embeddable":true,"href":"https:\/\/3260.com.ar\/web\/wp-json\/wp\/v2\/tags?post=7309"}],"curies":[{"name":"wp","href":"https:\/\/api.w.org\/{rel}","templated":true}]}}