{"id":7311,"date":"2024-06-25T00:01:00","date_gmt":"2024-06-25T03:01:00","guid":{"rendered":"https:\/\/3260.com.ar\/web\/?p=7311"},"modified":"2024-06-24T21:13:22","modified_gmt":"2024-06-25T00:13:22","slug":"la-historica-cumple-241-anos","status":"publish","type":"post","link":"https:\/\/3260.com.ar\/web\/la-historica-cumple-241-anos\/","title":{"rendered":"LA HIST\u00d3RICA CUMPLE  241 A\u00d1OS"},"content":{"rendered":"\n<p>Historia documentada, tradici\u00f3n oral, leyendas y relatos se mezclan en una l\u00ednea de tiempo que atraviesa batallas, conquistas, historias de amor y muerte, un magnicidio y la sanci\u00f3n de la Constituci\u00f3n nacional. Todo eso ha pasado por Concepci\u00f3n del Uruguay.<\/p>\n\n\n\n<p>Hoy con m\u00e1s de 85000 habitantes permanentes se posiciona desde la Cultura local arraigada en m\u00e1s de dos siglos de historia.<\/p>\n\n\n\n<p>\u00bf  Qu\u00e9 clase de ciudad es Concepci\u00f3n del Uruguay ?<\/p>\n\n\n\n<p>La hist\u00f3rica derrama en sus orgullosos habintantes: Cultura, Educaci\u00f3n, Universidades, Industrias, Turismo, Trabajo, Puerto, eventos deportivos de alcance internacional.<\/p>\n\n\n\n<p>LA RELIGIOSIDAD SIEMPRE PRESENTE:<\/p>\n\n\n\n<p>El Virrey Vertiz le asign\u00f3 el nombre de \u201cVilla de Nuestra Se\u00f1ora de la Concepci\u00f3n del Uruguay\u201d, utilizada completa en pocas ocasiones. M\u00e1s tarde fue citada en la misma forma por algunos historiadores y escritores. Posteriormente \u201cNuestra Se\u00f1ora de la Concepci\u00f3n del Uruguay\u201d, fue f\u00e1cilmente suplantada por \u201cConcepci\u00f3n del Uruguay\u201d tal es su nombre en la actualidad.<\/p>\n\n\n\n<p>ACTOS POR EL ANIVERSARIO.<\/p>\n\n\n\n<p><strong>Coros<\/strong><\/p>\n\n\n\n<p>Este lunes, en el Auditorio Scelzi, comenzar\u00e1n dichas actividades. All\u00ed, a partir de las 20 horas, los Coros cantan a su ciudad. Con entrada libre y gratuita, la comunidad podr\u00e1 disfrutar de la musicalizaci\u00f3n de los uruguayenses, honrando a Concepci\u00f3n del Uruguay.<\/p>\n\n\n\n<p><strong>Acto oficial<\/strong><\/p>\n\n\n\n<p>Luego, el propio martes 25 de junio, se realizar\u00e1 el acto oficial en el busto del fundador de nuestra ciudad, Don Tom\u00e1s de Rocamora, ubicado en calle Rocamora y Bv. Los Constituyentes. El mismo tendr\u00e1 su inicio a las 11 horas, enton\u00e1ndose el Himno Nacional y la Marcha de Entre R\u00edos, se depositar\u00e1 una ofrenda floral, se brindar\u00e1n palabras alusivas a la fecha y finalmente, se culminar\u00e1 con el Himno a Concepci\u00f3n del Uruguay.<\/p>\n\n\n\n<p><strong>Recorridas con el Bus Tur\u00edstico<\/strong><\/p>\n\n\n\n<p>Se suma a esto, la disposici\u00f3n del Bus Tur\u00edstico \u201cLa Hist\u00f3rica nos Une\u201d, con una salida especial a partir de las 16 horas del martes, totalmente gratuito. Las inscripciones se realizan personalmente en la Direcci\u00f3n de Turismo, en Galarza 817, telef\u00f3nicamente al 425820 o por orden de llegada a San Mart\u00edn y Moreno, lugar de donde parte el Bus.<\/p>\n\n\n\n<p>Es importante se\u00f1alar que esto est\u00e1 sujeto a las condiciones clim\u00e1ticas que se presenten en la jornada.<\/p>\n\n\n\n<p><strong>Exposici\u00f3n hist\u00f3rica<\/strong><\/p>\n\n\n\n<p>Luego, a las 18 horas, el Museo Hist\u00f3rico de la Ciudad, ubicado en calle Galarza 617, se realizar\u00e1 una visita mediada especial, con la exposici\u00f3n permanente \u201cVentanas a la historia: de villa colonial a modelo de ciudad\u201d. Esto tendr\u00e1 cupos limitados, y la inscripci\u00f3n ser\u00e1 a trav\u00e9s del Whatsapp 3442 \u2013 680955<\/p>\n\n\n\n<p><strong>Olimpismo y deportes<\/strong><\/p>\n\n\n\n<p>Se desarrollar\u00e1, adem\u00e1s, una semana completa de actividades relacionadas al olimpismo. El propio martes, de 14 a 16:30 horas, se realizar\u00e1 un Encuentro Juvenil de V\u00f3leibol en el Centro de Educaci\u00f3n F\u00edsica (CEF) N\u00b03 \u201cHugo Mario La Nasa\u201d.<\/p>\n\n\n\n<p>Luego, el mi\u00e9rcoles 26 de junio, llegan los Juegos Motores impulsados por el Consejo General de Educaci\u00f3n en la pista del CEF, de 13:30 a 16:30. Tras ello, el Encuentro Juvenil de Handball en el estadio de las instalaciones, llamado \u201cAlberto Ren\u00e9 Salem\u201d, de 17:00 a 19:00 horas.<\/p>\n\n\n\n<p>El jueves 27, de 10:00 a 13:00 horas se llevar\u00e1 adelante un torneo de b\u00e1squet 3&#215;3 de la etapa local y los Juegos Entrerrianos, ambos en el club Parque Sur, en Puerto Viejo.<\/p>\n\n\n\n<p>El viernes 28, la \u00faltima jornada, de 10:00 a 16:00 horas, llegar\u00e1 el torneo de Atletismo Convencional y Adaptado \u201cJuegos Entrerrianos y Encuentro Regional\u201d, en la pista sint\u00e9tica del CEF.<\/p>\n\n\n\n<p>Esto es organizado por la Municipalidad de Concepci\u00f3n del Uruguay, junto con el Comit\u00e9 Ol\u00edmpico Argentino y el propio CEF.<\/p>\n\n\n\n<p><strong>Orquesta Sinf\u00f3nica<\/strong><\/p>\n\n\n\n<p>Finalmente, el s\u00e1bado 29 llega la Orquesta Sinf\u00f3nica de Entre R\u00edos a Concepci\u00f3n del Uruguay. A partir de las 21 horas en la Bas\u00edlica de la Inmaculada Concepci\u00f3n, A. Dvorak, con la Obertura Carnaval; R. Strauss, con el Concierto para Corno y Orquesta N\u00b02; y L. V. Beethoven con la Sinfon\u00eda N\u00b07 Op. 92, los ciudadanos se deleitar\u00e1n de una jornada cultural y musical. El solista es Scott Bohannon y el director ser\u00e1 Luis Gorelik.<\/p>\n\n\n\n<p><strong>\u201cLa ciudad m\u00e1s linda del mundo\u201d<\/strong><\/p>\n\n\n\n<p>D\u00edas atr\u00e1s, comenz\u00f3 la campa\u00f1a \u201cLa ciudad m\u00e1s linda del mundo\u201d, en la cual la comunidad uruguayense puede mostrar su rinc\u00f3n favorito de la ciudad mediante redes sociales. Habr\u00e1 un premio especial para la persona con el mejor posteo.<\/p>\n\n\n\n<p>Desde la Coordinaci\u00f3n de Comunicaci\u00f3n Ciudadana y Protocolo, se dio por comenzada la campa\u00f1a interactiva y participativa \u201c#laciudadm\u00e1slindadelmundo\u201d, la cual se enmarca en el 241\u00b0 aniversario de Concepci\u00f3n del Uruguay.<\/p>\n\n\n\n<p>La misma se lleva adelante mediante las diferentes redes sociales, en las cuales la comunidad postee y muestre su rinc\u00f3n favorito de nuestra ciudad.<\/p>\n\n\n\n<p>\u00bfQu\u00e9 hay que hacer? Tras subir la fotograf\u00eda, se debe etiquetar a las redes oficiales de la Municipalidad. As\u00ed, se podr\u00e1 mostrar al mundo nuestra ciudad y sus paisajes, naturaleza, idiosincrasia, identidad, arquitectura y m\u00e1s.<\/p>\n\n\n\n<p>Se busca apelar al sentimiento de pertenencia de los uruguayenses, para que demuestren orgullosamente a su ciudad, bajo el hashtag \u201c#laciudadm\u00e1slindadelmundo\u201d.<\/p>\n\n\n\n<p>Es importante se\u00f1alar que se brindar\u00e1 un premio especial para el ganador que cuente con el posteo m\u00e1s lindo, que se conocer\u00e1 tras celebrarse el bicent\u00e9simo cuadrag\u00e9simo primer aniversario de Concepci\u00f3n del Uruguay este pr\u00f3ximo 25 de junio.<\/p>\n\n\n\n<p><\/p>\n","protected":false},"excerpt":{"rendered":"<p>Historia documentada, tradici\u00f3n oral, leyendas y relatos se mezclan en una l\u00ednea de tiempo que atraviesa batallas, conquistas, historias de amor y muerte, un magnicidio y la sanci\u00f3n de la Constituci\u00f3n nacional. Todo eso ha pasado por Concepci\u00f3n del Uruguay. Hoy con m\u00e1s de 85000 habitantes permanentes se posiciona desde la Cultura local arraigada en [&hellip;]<\/p>\n","protected":false},"author":2,"featured_media":7312,"comment_status":"open","ping_status":"open","sticky":false,"template":"","format":"standard","meta":{"_jetpack_memberships_contains_paid_content":false,"footnotes":"","jetpack_publicize_message":"","jetpack_publicize_feature_enabled":true,"jetpack_social_post_already_shared":true,"jetpack_social_options":{"image_generator_settings":{"template":"highway","default_image_id":0,"enabled":false},"version":2}},"categories":[176],"tags":[60,331],"class_list":["post-7311","post","type-post","status-publish","format-standard","has-post-thumbnail","hentry","category-educacion","tag-60","tag-concepcion-del-uruguay"],"jetpack_publicize_connections":[],"jetpack_featured_media_url":"https:\/\/3260.com.ar\/web\/wp-content\/uploads\/2024\/06\/Basilica-Inmaculada.jpg","jetpack_sharing_enabled":true,"_links":{"self":[{"href":"https:\/\/3260.com.ar\/web\/wp-json\/wp\/v2\/posts\/7311","targetHints":{"allow":["GET"]}}],"collection":[{"href":"https:\/\/3260.com.ar\/web\/wp-json\/wp\/v2\/posts"}],"about":[{"href":"https:\/\/3260.com.ar\/web\/wp-json\/wp\/v2\/types\/post"}],"author":[{"embeddable":true,"href":"https:\/\/3260.com.ar\/web\/wp-json\/wp\/v2\/users\/2"}],"replies":[{"embeddable":true,"href":"https:\/\/3260.com.ar\/web\/wp-json\/wp\/v2\/comments?post=7311"}],"version-history":[{"count":1,"href":"https:\/\/3260.com.ar\/web\/wp-json\/wp\/v2\/posts\/7311\/revisions"}],"predecessor-version":[{"id":7313,"href":"https:\/\/3260.com.ar\/web\/wp-json\/wp\/v2\/posts\/7311\/revisions\/7313"}],"wp:featuredmedia":[{"embeddable":true,"href":"https:\/\/3260.com.ar\/web\/wp-json\/wp\/v2\/media\/7312"}],"wp:attachment":[{"href":"https:\/\/3260.com.ar\/web\/wp-json\/wp\/v2\/media?parent=7311"}],"wp:term":[{"taxonomy":"category","embeddable":true,"href":"https:\/\/3260.com.ar\/web\/wp-json\/wp\/v2\/categories?post=7311"},{"taxonomy":"post_tag","embeddable":true,"href":"https:\/\/3260.com.ar\/web\/wp-json\/wp\/v2\/tags?post=7311"}],"curies":[{"name":"wp","href":"https:\/\/api.w.org\/{rel}","templated":true}]}}