{"id":7506,"date":"2024-07-23T17:28:57","date_gmt":"2024-07-23T20:28:57","guid":{"rendered":"https:\/\/3260.com.ar\/web\/?p=7506"},"modified":"2024-07-23T17:28:59","modified_gmt":"2024-07-23T20:28:59","slug":"175-aniversario-del-historico-colegio-del-uruguay","status":"publish","type":"post","link":"https:\/\/3260.com.ar\/web\/175-aniversario-del-historico-colegio-del-uruguay\/","title":{"rendered":"175 \u00b0 ANIVERSARIO DEL HIST\u00d3RICO COLEGIO DEL URUGUAY"},"content":{"rendered":"\n<p>Instituci\u00f3n educativa Argentina de nivel secundario, p\u00fablica, estatal, gratuita y laica; fundada por el Gobernador de Entre R\u00edos Justo Jos\u00e9 de Urquiza el 28 de julio de 1849. <\/p>\n\n\n\n<p>Fue el primero en el pa\u00eds de car\u00e1cter laico y gratuito.<\/p>\n\n\n\n<p>Por sus aulas pasaron incontable cantidad de alumnos de diferentes pa\u00edses, algunos de ellos se destacaron en difentes \u00e1mbitos de la sociedad. Es para destacar que cuatro de ellos llegaron a ser Presidente de la Naci\u00f3n:  <strong>Julio Argentino<\/strong>\u00a0<strong>Roca (tucumano), Victorino de la Plaza (salte\u00f1o) y Arturo Frondizi (correntino) y el Presidente del Paraguay Benigno Ferreira<\/strong>.<\/p>\n\n\n\n<figure class=\"wp-block-image size-full\"><a href=\"https:\/\/3260.com.ar\/web\/wp-content\/uploads\/2024\/07\/image-27.png\"><img loading=\"lazy\" decoding=\"async\" width=\"292\" height=\"295\" src=\"https:\/\/3260.com.ar\/web\/wp-content\/uploads\/2024\/07\/image-27.png\" alt=\"\" class=\"wp-image-7508\" srcset=\"https:\/\/3260.com.ar\/web\/wp-content\/uploads\/2024\/07\/image-27.png 292w, https:\/\/3260.com.ar\/web\/wp-content\/uploads\/2024\/07\/image-27-80x80.png 80w\" sizes=\"auto, (max-width: 292px) 100vw, 292px\" \/><\/a><\/figure>\n\n\n\n<p><strong><em>SEMANA DE FESTEJOS:<\/em><\/strong><\/p>\n\n\n\n<p>Esta semana comienzan las actividades en el marco del 175\u00b0 aniversario del Colegio Superior del Uruguay. Las mismas se llevar\u00e1n a cabo a partir del jueves hasta el domingo inclusive, jornada en que la instituci\u00f3n arriba a su cent\u00e9simo septuag\u00e9simo quinto\u00a0a\u00f1o de educaci\u00f3n y formaci\u00f3n.<\/p>\n\n\n\n<p><strong>Jueves 25 y viernes 26 de julio<\/strong><br>La sesi\u00f3n ordinaria del Honorable Concejo Deliberante, por primera vez en su historia, se trasladar\u00e1 al sal\u00f3n de actos \u201cAlejo Peyret\u201d del Colegio del Uruguay.<\/p>\n\n\n\n<p>A su vez, tambi\u00e9n ser\u00e1 testigo el viernes 26 de julio a las 18:00 de la presentaci\u00f3n del libro del \u201c175\u00b0 Aniversario\u201d, de la misma manera que se vivi\u00f3 hace 25 a\u00f1os, para el Cent\u00e9simo quincuag\u00e9simo del establecimiento educativo, que fuera faro de la educaci\u00f3n argentina.<\/p>\n\n\n\n<p>Del libro participaron 28 escritoras y escritores que planificaron el documento en tres ejes: pasado, presente y futuro del entra\u00f1able Colegio, con la presentaci\u00f3n de aspectos e historias in\u00e9ditas vividas a lo largo del tiempo.<\/p>\n\n\n\n<p><strong>S\u00e1bado 27 de julio<br><\/strong>En esta fecha, desde las 20:00 tambi\u00e9n se vivir\u00e1 un acontecimiento hist\u00f3rico, considerando que el Departamento Ejecutivo Municipal, realizar\u00e1 por primera vez en nombre del Pueblo y el Gobierno de Concepci\u00f3n del Uruguay, un reconocimiento a Rectores y Vicerrectores del&nbsp;Colegio&nbsp;Superior del Uruguay Justo Jos\u00e9 de Urquiza.<\/p>\n\n\n\n<p>&nbsp;<br>Esta importante ceremonia, se concretar\u00e1 en el Auditorio Carlos Mar\u00eda Scelzi, el que a su vez, estar\u00e1 abierto al p\u00fablico desde las 19:00 considerando que estudiantes de distintos turnos, expondr\u00e1n en hall del Auditorio, diversos trabajos fotogr\u00e1ficos que mostrar\u00e1n una comparaci\u00f3n del pasado y presente del lugar.<br><br><strong>D\u00eda del Aniversario<br><\/strong>El domingo 28 de julio, ser\u00e1 el d\u00eda en que toda la comunidad podr\u00e1 encontrarse en el epicentro hist\u00f3rico de la ciudad para celebrar los 175 a\u00f1os de vida institucional del&nbsp;Colegio&nbsp;del Uruguay Justo Jos\u00e9 de Urquiza.<\/p>\n\n\n\n<p>&nbsp;<br>All\u00ed, sobre plaza Ram\u00edrez, se realizar\u00e1 desde las 11, el acto central y posterior desfile c\u00edvico militar con la participaci\u00f3n de todas las escuelas de nivel primario y secundario, centros de adultos y universidades; jardines de infantes, escuelas integrales, centros terap\u00e9uticos; todos los clubes de la ciudad, escuelas de danzas, agrupaciones tradicionalistas, motos y autos antiguos, y la presencia de todas las fuerzas de seguridad que poseen asiento en Concepci\u00f3n del Uruguay.<\/p>\n\n\n\n<p>Atento a las celebraciones, autoridades del&nbsp;Colegio&nbsp;y de la Asociaci\u00f3n de Ex Alumnos, invitan a todas las promociones que estudiaron en el lugar, para formar parte del gran desfile Aniversario, del que se espera la visita de autoridades provinciales y nacionales.<\/p>\n\n\n\n<p>La invitaci\u00f3n para todas las actividades anunciadas, son libres y abiertas a toda la comunidad que desee participar.<\/p>\n\n\n\n<p>Las instituciones que deseen realizar alguna consulta, podr\u00e1n escribir a &nbsp;<a href=\"mailto:ceremonialcdelu@gmail.com\" target=\"_blank\" rel=\"noreferrer noopener\">ceremonialcdelu@gmail.com<\/a><\/p>\n\n\n\n<figure class=\"wp-block-image size-full is-resized\"><a href=\"https:\/\/3260.com.ar\/web\/wp-content\/uploads\/2024\/07\/image-29.png\"><img loading=\"lazy\" decoding=\"async\" width=\"538\" height=\"642\" src=\"https:\/\/3260.com.ar\/web\/wp-content\/uploads\/2024\/07\/image-29.png\" alt=\"\" class=\"wp-image-7510\" style=\"width:186px;height:auto\" srcset=\"https:\/\/3260.com.ar\/web\/wp-content\/uploads\/2024\/07\/image-29.png 538w, https:\/\/3260.com.ar\/web\/wp-content\/uploads\/2024\/07\/image-29-251x300.png 251w\" sizes=\"auto, (max-width: 538px) 100vw, 538px\" \/><\/a><\/figure>\n\n\n\n<figure class=\"wp-block-image size-full is-resized\"><a href=\"https:\/\/3260.com.ar\/web\/wp-content\/uploads\/2024\/07\/image-28.png\"><img loading=\"lazy\" decoding=\"async\" width=\"207\" height=\"243\" src=\"https:\/\/3260.com.ar\/web\/wp-content\/uploads\/2024\/07\/image-28.png\" alt=\"\" class=\"wp-image-7509\" style=\"width:189px;height:auto\"\/><\/a><\/figure>\n","protected":false},"excerpt":{"rendered":"<p>Instituci\u00f3n educativa Argentina de nivel secundario, p\u00fablica, estatal, gratuita y laica; fundada por el Gobernador de Entre R\u00edos Justo Jos\u00e9 de Urquiza el 28 de julio de 1849. Fue el primero en el pa\u00eds de car\u00e1cter laico y gratuito. Por sus aulas pasaron incontable cantidad de alumnos de diferentes pa\u00edses, algunos de ellos se destacaron [&hellip;]<\/p>\n","protected":false},"author":2,"featured_media":7507,"comment_status":"open","ping_status":"open","sticky":false,"template":"","format":"standard","meta":{"_jetpack_memberships_contains_paid_content":false,"footnotes":"","jetpack_publicize_message":"","jetpack_publicize_feature_enabled":true,"jetpack_social_post_already_shared":true,"jetpack_social_options":{"image_generator_settings":{"template":"highway","default_image_id":0,"enabled":false},"version":2}},"categories":[176],"tags":[2212,60,188],"class_list":["post-7506","post","type-post","status-publish","format-standard","has-post-thumbnail","hentry","category-educacion","tag-175-aniversario-del-colegio","tag-60","tag-colegio-del-uruguay"],"jetpack_publicize_connections":[],"jetpack_featured_media_url":"https:\/\/3260.com.ar\/web\/wp-content\/uploads\/2024\/07\/Colegio-del-Uruguay-patio.jpg","jetpack_sharing_enabled":true,"_links":{"self":[{"href":"https:\/\/3260.com.ar\/web\/wp-json\/wp\/v2\/posts\/7506","targetHints":{"allow":["GET"]}}],"collection":[{"href":"https:\/\/3260.com.ar\/web\/wp-json\/wp\/v2\/posts"}],"about":[{"href":"https:\/\/3260.com.ar\/web\/wp-json\/wp\/v2\/types\/post"}],"author":[{"embeddable":true,"href":"https:\/\/3260.com.ar\/web\/wp-json\/wp\/v2\/users\/2"}],"replies":[{"embeddable":true,"href":"https:\/\/3260.com.ar\/web\/wp-json\/wp\/v2\/comments?post=7506"}],"version-history":[{"count":1,"href":"https:\/\/3260.com.ar\/web\/wp-json\/wp\/v2\/posts\/7506\/revisions"}],"predecessor-version":[{"id":7511,"href":"https:\/\/3260.com.ar\/web\/wp-json\/wp\/v2\/posts\/7506\/revisions\/7511"}],"wp:featuredmedia":[{"embeddable":true,"href":"https:\/\/3260.com.ar\/web\/wp-json\/wp\/v2\/media\/7507"}],"wp:attachment":[{"href":"https:\/\/3260.com.ar\/web\/wp-json\/wp\/v2\/media?parent=7506"}],"wp:term":[{"taxonomy":"category","embeddable":true,"href":"https:\/\/3260.com.ar\/web\/wp-json\/wp\/v2\/categories?post=7506"},{"taxonomy":"post_tag","embeddable":true,"href":"https:\/\/3260.com.ar\/web\/wp-json\/wp\/v2\/tags?post=7506"}],"curies":[{"name":"wp","href":"https:\/\/api.w.org\/{rel}","templated":true}]}}