{"id":7523,"date":"2024-07-25T18:41:09","date_gmt":"2024-07-25T21:41:09","guid":{"rendered":"https:\/\/3260.com.ar\/web\/?p=7523"},"modified":"2024-07-25T19:00:46","modified_gmt":"2024-07-25T22:00:46","slug":"jubilados-provinciales-autoconvocados-manifiestan-su-disconformidad","status":"publish","type":"post","link":"https:\/\/3260.com.ar\/web\/jubilados-provinciales-autoconvocados-manifiestan-su-disconformidad\/","title":{"rendered":"JUBILADOS PROVINCIALES\u00a0 AUTOCONVOCADOS MANIFIESTAN SU DISCONFORMIDAD."},"content":{"rendered":"\n<p>A ra\u00edz de la difusi\u00f3n y puesta en ejecuci\u00f3n del Decreto N\u00b0 1576\/2024 del Poder Ejecutivo de la Provincia de Entre R\u00edos que avanza sobre los derechos adquiridos de los jubilados entrerrianos se conform\u00f3 la mesa de DOCENTES JUBILADOS AUTOCONVOCADOS.<\/p>\n\n\n\n<p>Es un agrupamiento conformado por jubilados residentes en todos los departamentos de la Provincia. En conjunto se han ido comunicando y debatiendo el real impacto de la aplicaci\u00f3n del Decreto firmado por el Gobernador Rogelio Frigerio.<\/p>\n\n\n\n<p>Concretamente y en la \u00faltima paritaria docente convocada por el ejecutivo provincial, la patronal hace una propuesta salarial de m\u00ednimo (casi nulo) impacto en los haberes jubilatorios docentes. Con el agravante que a un sector de los jubilados les deja de garantizar lo que por Ley corresponde que es el 82 % m\u00f3vil, reduci\u00e9ndolo al 79 %.<\/p>\n\n\n\n<p>En el sistema de la Caja de Jubilaciones de Entre R\u00edos, a qui\u00e9nes acceden a la jubilaci\u00f3n con la liquidaci\u00f3n del primer haber mensual y de ah\u00ed in eternum, se les descuenta el c\u00f3digo 703 que es obligatorio y no se puede renunciar con destino a la Federaci\u00f3n de Jubilados y Pensionados Provinciales de Entre R\u00edos.<\/p>\n\n\n\n<p>Es por este motivo que el grupo de AUTOCONVOCADOS se dirigieron al Sr Presidente de la Federaci\u00f3n, expresando una serie de inquietudes como las ante narradas, en nota ingresada el 25\/7\/2024 acompa\u00f1ada por m\u00e1s de ochocientas firmas de afilados aportantes a la Federaci\u00f3n. Es por eso que se le solicita que manifiesten la inquietud con \u00edmpetu y firmeza ante las autoridades correspondientes.<\/p>\n\n\n\n<p>En la radio FM 98.9 \u201cCdelU Sports\u201d de Concepci\u00f3n del Uruguay, el Profesor Edgardo Zufiaurre explic\u00f3 los alcances de la presentaci\u00f3n realizada, en representaci\u00f3n del agrupamiento de JUBILADOS DOCENTES AUTOCONVOCADOS.<\/p>\n\n\n\n<p>La nota completa se puede ver en el link siguiente  <a href=\"https:\/\/www.facebook.com\/coop9deoctubre\/videos\/1936343336839044\" title=\"\">https:\/\/www.facebook.com\/coop9deoctubre\/videos\/1936343336839044<\/a><\/p>\n\n\n\n<p class=\"has-text-align-right has-small-font-size\">Foto de portada: analisisdigital.com.ar<\/p>\n\n\n\n<figure class=\"wp-block-image size-large\"><a href=\"https:\/\/3260.com.ar\/web\/wp-content\/uploads\/2024\/07\/image-30.png\"><img loading=\"lazy\" decoding=\"async\" width=\"576\" height=\"1024\" src=\"https:\/\/3260.com.ar\/web\/wp-content\/uploads\/2024\/07\/image-30-576x1024.png\" alt=\"\" class=\"wp-image-7526\" srcset=\"https:\/\/3260.com.ar\/web\/wp-content\/uploads\/2024\/07\/image-30-576x1024.png 576w, https:\/\/3260.com.ar\/web\/wp-content\/uploads\/2024\/07\/image-30-169x300.png 169w, https:\/\/3260.com.ar\/web\/wp-content\/uploads\/2024\/07\/image-30-768x1366.png 768w, https:\/\/3260.com.ar\/web\/wp-content\/uploads\/2024\/07\/image-30-864x1536.png 864w, https:\/\/3260.com.ar\/web\/wp-content\/uploads\/2024\/07\/image-30.png 899w\" sizes=\"auto, (max-width: 576px) 100vw, 576px\" \/><\/a><\/figure>\n","protected":false},"excerpt":{"rendered":"<p>A ra\u00edz de la difusi\u00f3n y puesta en ejecuci\u00f3n del Decreto N\u00b0 1576\/2024 del Poder Ejecutivo de la Provincia de Entre R\u00edos que avanza sobre los derechos adquiridos de los jubilados entrerrianos se conform\u00f3 la mesa de DOCENTES JUBILADOS AUTOCONVOCADOS. Es un agrupamiento conformado por jubilados residentes en todos los departamentos de la Provincia. En [&hellip;]<\/p>\n","protected":false},"author":2,"featured_media":7525,"comment_status":"open","ping_status":"open","sticky":false,"template":"","format":"standard","meta":{"_jetpack_memberships_contains_paid_content":false,"footnotes":"","jetpack_publicize_message":"","jetpack_publicize_feature_enabled":true,"jetpack_social_post_already_shared":true,"jetpack_social_options":{"image_generator_settings":{"template":"highway","default_image_id":0,"enabled":false},"version":2}},"categories":[176],"tags":[60,2217],"class_list":["post-7523","post","type-post","status-publish","format-standard","has-post-thumbnail","hentry","category-educacion","tag-60","tag-jubilados-docentes-entrerrianos"],"jetpack_publicize_connections":[],"jetpack_featured_media_url":"https:\/\/3260.com.ar\/web\/wp-content\/uploads\/2024\/07\/jubilados_autoconvocados-foto.jpg","jetpack_sharing_enabled":true,"_links":{"self":[{"href":"https:\/\/3260.com.ar\/web\/wp-json\/wp\/v2\/posts\/7523","targetHints":{"allow":["GET"]}}],"collection":[{"href":"https:\/\/3260.com.ar\/web\/wp-json\/wp\/v2\/posts"}],"about":[{"href":"https:\/\/3260.com.ar\/web\/wp-json\/wp\/v2\/types\/post"}],"author":[{"embeddable":true,"href":"https:\/\/3260.com.ar\/web\/wp-json\/wp\/v2\/users\/2"}],"replies":[{"embeddable":true,"href":"https:\/\/3260.com.ar\/web\/wp-json\/wp\/v2\/comments?post=7523"}],"version-history":[{"count":4,"href":"https:\/\/3260.com.ar\/web\/wp-json\/wp\/v2\/posts\/7523\/revisions"}],"predecessor-version":[{"id":7530,"href":"https:\/\/3260.com.ar\/web\/wp-json\/wp\/v2\/posts\/7523\/revisions\/7530"}],"wp:featuredmedia":[{"embeddable":true,"href":"https:\/\/3260.com.ar\/web\/wp-json\/wp\/v2\/media\/7525"}],"wp:attachment":[{"href":"https:\/\/3260.com.ar\/web\/wp-json\/wp\/v2\/media?parent=7523"}],"wp:term":[{"taxonomy":"category","embeddable":true,"href":"https:\/\/3260.com.ar\/web\/wp-json\/wp\/v2\/categories?post=7523"},{"taxonomy":"post_tag","embeddable":true,"href":"https:\/\/3260.com.ar\/web\/wp-json\/wp\/v2\/tags?post=7523"}],"curies":[{"name":"wp","href":"https:\/\/api.w.org\/{rel}","templated":true}]}}