{"id":7544,"date":"2024-07-28T00:28:49","date_gmt":"2024-07-28T03:28:49","guid":{"rendered":"https:\/\/3260.com.ar\/web\/?p=7544"},"modified":"2024-07-28T22:47:02","modified_gmt":"2024-07-29T01:47:02","slug":"cantar-el-himno-nacional-en-el-extranjero-es-unico","status":"publish","type":"post","link":"https:\/\/3260.com.ar\/web\/cantar-el-himno-nacional-en-el-extranjero-es-unico\/","title":{"rendered":"CANTAR EL HIMNO NACIONAL EN EL EXTRANJERO, ES \u00daNICO."},"content":{"rendered":"\n<p>Se podr\u00e1n escribir infinitas an\u00e9cdotas de ciudadanos argentinos explicando su sentimiento al escuchar las estrofas del Himno Nacional, uno de nuestros s\u00edmbolos sagrados, en el extranjero.<\/p>\n\n\n\n<p>Hay una familia uruguayense que cant\u00f3 con solemnidad y emoci\u00f3n sin par esas estrofas en Paysand\u00fa (R.O.U.) el pasado s\u00e1bado 27 de julio de 2024.<\/p>\n\n\n\n<p>En \u201cla heroica\u201d se reinaugur\u00f3 una de sus obras arquitect\u00f3nicas majestuosas, el estadio cerrado \u201c8 de junio\u201d. Ocasi\u00f3n que motiv\u00f3 el partido amistoso entre las selecciones nacionales de basquet de Uruguay&nbsp; y Argentina.<\/p>\n\n\n\n<p>Hasta ah\u00ed llegaron muchos entrerrianos y uruguayenses para ver a los dos comprovincianos citados a la Selecci\u00f3n Mayor de Basquet: Juan Ignacio Respaud y Fausto Moussa.<\/p>\n\n\n\n<p>Vamos a referenciar a \u201cNacho\u201d Respaud, un basquetbolista que desde la m\u00e1s corta edad am\u00f3 el basquet siendo jugador del Club Rocamora, adem\u00e1s form\u00f3 parte de selecciones provinciales e hizo toda la escalerita que ofrece la Selecci\u00f3n Argentina.<\/p>\n\n\n\n<p>La familia Respaud acompa\u00f1\u00f3 en pleno la estad\u00eda del seleccionado en Paysand\u00fa, donde \u201cvieron y sintieron in situ\u201d la relevancia que Nacho tiene en el ambiente del basquet m\u00e1s all\u00e1 del pa\u00eds. Recibir la visita de ex compa\u00f1eros de Obras (extranjeros), y ver una multitud acercarse para sacarse una foto o pedirle aut\u00f3grafos a Juan Ignacio. Postales que es natural ver en televisi\u00f3n para con deportistas famosos, ayer con emoci\u00f3n y alguna l\u00e1grima inquieta que corr\u00eda por las mejillas, tomaron real dimensi\u00f3n del lugar trascendente al que Nachito con su propio esfuerzo lleg\u00f3.<\/p>\n\n\n\n<p><strong><em>LAS EMOCIONES, UNA TRAS OTRA:<\/em><\/strong><\/p>\n\n\n\n<ul class=\"wp-block-list\">\n<li>El Presidente de la Rep\u00fablica Oriental del Uruguay Luis Lacalle Pou, presente en el Estadio.<\/li>\n\n\n\n<li>La Vice gobernadora de Entre R\u00edos, a cargo del ejecutivo Provincial Alicia Aluani, salud\u00f3 afectuosamente a los jugadores entrerrianos y sus familias.<\/li>\n\n\n\n<li>Canales de la televisi\u00f3n uruguaya, realizando notas a los familiares.<\/li>\n<\/ul>\n\n\n\n<p><strong><em>EL HIMNO NACIONAL, CANTADO EN EL EXTRANJERO ES DISTINTO.<\/em><\/strong><\/p>\n\n\n\n<p>\u201cEs tan diferente la sensaci\u00f3n, el cuerpo siente que algo distinto est\u00e1 pasando, y ver a mi hijo con la camiseta de la Selecci\u00f3n Nacional tambi\u00e9n cantando el Himno Nacional, es una situaci\u00f3n tan desconocida como emocionante y reconfortante. Nos mir\u00e1bamos con mis familiares y cuando terminamos de cantar ten\u00edamos una energ\u00eda distinta.&nbsp; Y todav\u00eda faltaba ver el debut de Nacho en la cancha, al saltar a jugar y verlo convertir con la camiseta Argentina, fue la frutilla del postre\u201d. Daniel Respaud (padre de Nacho). <\/p>\n\n\n\n<figure class=\"wp-block-image size-large is-resized\"><a href=\"https:\/\/3260.com.ar\/web\/wp-content\/uploads\/2024\/07\/image-33.png\"><img loading=\"lazy\" decoding=\"async\" width=\"819\" height=\"1024\" src=\"https:\/\/3260.com.ar\/web\/wp-content\/uploads\/2024\/07\/image-33-819x1024.png\" alt=\"\" class=\"wp-image-7549\" style=\"width:303px;height:auto\" srcset=\"https:\/\/3260.com.ar\/web\/wp-content\/uploads\/2024\/07\/image-33-819x1024.png 819w, https:\/\/3260.com.ar\/web\/wp-content\/uploads\/2024\/07\/image-33-240x300.png 240w, https:\/\/3260.com.ar\/web\/wp-content\/uploads\/2024\/07\/image-33-768x960.png 768w, https:\/\/3260.com.ar\/web\/wp-content\/uploads\/2024\/07\/image-33-1229x1536.png 1229w, https:\/\/3260.com.ar\/web\/wp-content\/uploads\/2024\/07\/image-33.png 1440w\" sizes=\"auto, (max-width: 819px) 100vw, 819px\" \/><\/a><\/figure>\n\n\n\n<p>El corte de cintas de reinauguraci\u00f3n del Estadio \u00ab8 de junio\u00bb. Presidente de la Rep\u00fablica Oriental del Uruguay, Luis Lacalle Pou; Vicepresidenta de la Rep\u00fablica,&nbsp;Beatriz Argim\u00f3n; Intendente departamental de Paysand\u00fa, Nicol\u00e1s Olivera; Vicegobernadora de Entre R\u00edos Alicia Aluani<\/p>\n\n\n\n<figure class=\"wp-block-image size-full is-resized\"><a href=\"https:\/\/3260.com.ar\/web\/wp-content\/uploads\/2024\/07\/image-32.png\"><img loading=\"lazy\" decoding=\"async\" width=\"998\" height=\"666\" src=\"https:\/\/3260.com.ar\/web\/wp-content\/uploads\/2024\/07\/image-32.png\" alt=\"\" class=\"wp-image-7547\" style=\"width:299px;height:auto\" srcset=\"https:\/\/3260.com.ar\/web\/wp-content\/uploads\/2024\/07\/image-32.png 998w, https:\/\/3260.com.ar\/web\/wp-content\/uploads\/2024\/07\/image-32-300x200.png 300w, https:\/\/3260.com.ar\/web\/wp-content\/uploads\/2024\/07\/image-32-768x513.png 768w\" sizes=\"auto, (max-width: 998px) 100vw, 998px\" \/><\/a><\/figure>\n\n\n\n<p>Los entrerrianos junto Leo Gutierrez (DT), y a Alicia Aluani (Vicegobernadora) <\/p>\n\n\n\n<figure class=\"wp-block-image size-large is-resized\"><a href=\"https:\/\/3260.com.ar\/web\/wp-content\/uploads\/2024\/07\/image-31.png\"><img loading=\"lazy\" decoding=\"async\" width=\"1024\" height=\"683\" src=\"https:\/\/3260.com.ar\/web\/wp-content\/uploads\/2024\/07\/image-31-1024x683.png\" alt=\"\" class=\"wp-image-7546\" style=\"width:300px;height:auto\" srcset=\"https:\/\/3260.com.ar\/web\/wp-content\/uploads\/2024\/07\/image-31-1024x683.png 1024w, https:\/\/3260.com.ar\/web\/wp-content\/uploads\/2024\/07\/image-31-300x200.png 300w, https:\/\/3260.com.ar\/web\/wp-content\/uploads\/2024\/07\/image-31-768x512.png 768w, https:\/\/3260.com.ar\/web\/wp-content\/uploads\/2024\/07\/image-31-1536x1024.png 1536w, https:\/\/3260.com.ar\/web\/wp-content\/uploads\/2024\/07\/image-31.png 1599w\" sizes=\"auto, (max-width: 1024px) 100vw, 1024px\" \/><\/a><\/figure>\n","protected":false},"excerpt":{"rendered":"<p>Se podr\u00e1n escribir infinitas an\u00e9cdotas de ciudadanos argentinos explicando su sentimiento al escuchar las estrofas del Himno Nacional, uno de nuestros s\u00edmbolos sagrados, en el extranjero. Hay una familia uruguayense que cant\u00f3 con solemnidad y emoci\u00f3n sin par esas estrofas en Paysand\u00fa (R.O.U.) el pasado s\u00e1bado 27 de julio de 2024. En \u201cla heroica\u201d se [&hellip;]<\/p>\n","protected":false},"author":2,"featured_media":7545,"comment_status":"open","ping_status":"open","sticky":false,"template":"","format":"standard","meta":{"_jetpack_memberships_contains_paid_content":false,"footnotes":"","jetpack_publicize_message":"","jetpack_publicize_feature_enabled":true,"jetpack_social_post_already_shared":true,"jetpack_social_options":{"image_generator_settings":{"template":"highway","default_image_id":0,"enabled":false},"version":2}},"categories":[173],"tags":[60,331,1237,2206],"class_list":["post-7544","post","type-post","status-publish","format-standard","has-post-thumbnail","hentry","category-deportes","tag-60","tag-concepcion-del-uruguay","tag-nacho-respaud","tag-seleccion-argentina-de-basquet"],"jetpack_publicize_connections":[],"jetpack_featured_media_url":"https:\/\/3260.com.ar\/web\/wp-content\/uploads\/2024\/07\/Respaud-familia.jpg","jetpack_sharing_enabled":true,"_links":{"self":[{"href":"https:\/\/3260.com.ar\/web\/wp-json\/wp\/v2\/posts\/7544","targetHints":{"allow":["GET"]}}],"collection":[{"href":"https:\/\/3260.com.ar\/web\/wp-json\/wp\/v2\/posts"}],"about":[{"href":"https:\/\/3260.com.ar\/web\/wp-json\/wp\/v2\/types\/post"}],"author":[{"embeddable":true,"href":"https:\/\/3260.com.ar\/web\/wp-json\/wp\/v2\/users\/2"}],"replies":[{"embeddable":true,"href":"https:\/\/3260.com.ar\/web\/wp-json\/wp\/v2\/comments?post=7544"}],"version-history":[{"count":5,"href":"https:\/\/3260.com.ar\/web\/wp-json\/wp\/v2\/posts\/7544\/revisions"}],"predecessor-version":[{"id":7555,"href":"https:\/\/3260.com.ar\/web\/wp-json\/wp\/v2\/posts\/7544\/revisions\/7555"}],"wp:featuredmedia":[{"embeddable":true,"href":"https:\/\/3260.com.ar\/web\/wp-json\/wp\/v2\/media\/7545"}],"wp:attachment":[{"href":"https:\/\/3260.com.ar\/web\/wp-json\/wp\/v2\/media?parent=7544"}],"wp:term":[{"taxonomy":"category","embeddable":true,"href":"https:\/\/3260.com.ar\/web\/wp-json\/wp\/v2\/categories?post=7544"},{"taxonomy":"post_tag","embeddable":true,"href":"https:\/\/3260.com.ar\/web\/wp-json\/wp\/v2\/tags?post=7544"}],"curies":[{"name":"wp","href":"https:\/\/api.w.org\/{rel}","templated":true}]}}