{"id":7579,"date":"2024-08-02T23:26:00","date_gmt":"2024-08-03T02:26:00","guid":{"rendered":"https:\/\/3260.com.ar\/web\/?p=7579"},"modified":"2024-08-02T10:37:26","modified_gmt":"2024-08-02T13:37:26","slug":"museo-provincial-de-dibujo-y-grabado-artemio-alisio","status":"publish","type":"post","link":"https:\/\/3260.com.ar\/web\/museo-provincial-de-dibujo-y-grabado-artemio-alisio\/","title":{"rendered":"MUSEO PROVINCIAL DE DIBUJO Y GRABADO ARTEMIO ALISIO"},"content":{"rendered":"\n<p>El hombre que le di\u00f3 el nombre al Museo Provincial de dibujo y grabado <strong>ARTEMIO ALISIO<\/strong> por su versatilidad fue dibujante, pintor, escultor y ceramista santafesino que adopt\u00f3 a Concepci\u00f3n del Uruguay para residir.<\/p>\n\n\n\n<p><strong>APUNTES SOBRE LA FORMACI\u00d3N DEL ARTISTA.<\/strong><\/p>\n\n\n\n<p>*Estudios desarrollados en la Escuela de Bellas Artes Juan Mantovani de la ciudad de Santa Fe\u00a0<\/p>\n\n\n\n<ul class=\"wp-block-list\">\n<li>*Enfocado en una cosmovisi\u00f3n que podr\u00eda definirse como \u201cindigenista\u201d, viaj\u00f3 a Bolivia y Per\u00fa.<\/li>\n\n\n\n<li>*En 1974, a trav\u00e9s de una beca, avanz\u00f3 con su formaci\u00f3n en Espa\u00f1a, Francia e Italia. All\u00ed se especializ\u00f3 en restauraci\u00f3n y conservaci\u00f3n de cer\u00e1mica antigua, pero sin abandonar nunca su mirada profundamente arraigada en el suelo americano<\/li>\n\n\n\n<li>*En 1977 fund\u00f3 en Santa Fe el Museo de Cer\u00e1mica.<\/li>\n\n\n\n<li>*En 1984, junto a su esposa, fund\u00f3 la Escuela de Cer\u00e1mica del Colegio Superior del Uruguay en Concepci\u00f3n del Uruguay.<\/li>\n\n\n\n<li>*En 1989, fue nombrado Director Interino Ad Honorem del \u201cMuseo Provincial de Dibujo y Grabado Guaman Poma\u201d en homenaje al primer dibujante de la Am\u00e9rica precolombina que se conoce.<\/li>\n\n\n\n<li>*Falleci\u00f3 el 10 de febrero de 2006, y en 2009, el Museo Provincial de Dibujo y Grabado de Concepci\u00f3n del Uruguay pas\u00f3 a llamarse \u201cArtemio Alisio\u201d en su honor.<\/li>\n<\/ul>\n","protected":false},"excerpt":{"rendered":"<p>El hombre que le di\u00f3 el nombre al Museo Provincial de dibujo y grabado ARTEMIO ALISIO por su versatilidad fue dibujante, pintor, escultor y ceramista santafesino que adopt\u00f3 a Concepci\u00f3n del Uruguay para residir. APUNTES SOBRE LA FORMACI\u00d3N DEL ARTISTA. *Estudios desarrollados en la Escuela de Bellas Artes Juan Mantovani de la ciudad de Santa [&hellip;]<\/p>\n","protected":false},"author":3,"featured_media":7580,"comment_status":"closed","ping_status":"closed","sticky":false,"template":"","format":"standard","meta":{"_jetpack_memberships_contains_paid_content":false,"footnotes":"","jetpack_publicize_message":"","jetpack_publicize_feature_enabled":true,"jetpack_social_post_already_shared":true,"jetpack_social_options":{"image_generator_settings":{"template":"highway","default_image_id":0,"enabled":false},"version":2}},"categories":[174],"tags":[60,1384,474],"class_list":["post-7579","post","type-post","status-publish","format-standard","has-post-thumbnail","hentry","category-cultura","tag-60","tag-artemio-alisio","tag-museo-artemio-alisio"],"jetpack_publicize_connections":[],"jetpack_featured_media_url":"https:\/\/3260.com.ar\/web\/wp-content\/uploads\/2024\/08\/Artemio-Alisio2.jpg","jetpack_sharing_enabled":true,"_links":{"self":[{"href":"https:\/\/3260.com.ar\/web\/wp-json\/wp\/v2\/posts\/7579","targetHints":{"allow":["GET"]}}],"collection":[{"href":"https:\/\/3260.com.ar\/web\/wp-json\/wp\/v2\/posts"}],"about":[{"href":"https:\/\/3260.com.ar\/web\/wp-json\/wp\/v2\/types\/post"}],"author":[{"embeddable":true,"href":"https:\/\/3260.com.ar\/web\/wp-json\/wp\/v2\/users\/3"}],"replies":[{"embeddable":true,"href":"https:\/\/3260.com.ar\/web\/wp-json\/wp\/v2\/comments?post=7579"}],"version-history":[{"count":2,"href":"https:\/\/3260.com.ar\/web\/wp-json\/wp\/v2\/posts\/7579\/revisions"}],"predecessor-version":[{"id":7582,"href":"https:\/\/3260.com.ar\/web\/wp-json\/wp\/v2\/posts\/7579\/revisions\/7582"}],"wp:featuredmedia":[{"embeddable":true,"href":"https:\/\/3260.com.ar\/web\/wp-json\/wp\/v2\/media\/7580"}],"wp:attachment":[{"href":"https:\/\/3260.com.ar\/web\/wp-json\/wp\/v2\/media?parent=7579"}],"wp:term":[{"taxonomy":"category","embeddable":true,"href":"https:\/\/3260.com.ar\/web\/wp-json\/wp\/v2\/categories?post=7579"},{"taxonomy":"post_tag","embeddable":true,"href":"https:\/\/3260.com.ar\/web\/wp-json\/wp\/v2\/tags?post=7579"}],"curies":[{"name":"wp","href":"https:\/\/api.w.org\/{rel}","templated":true}]}}