{"id":7583,"date":"2024-08-02T00:00:00","date_gmt":"2024-08-02T03:00:00","guid":{"rendered":"https:\/\/3260.com.ar\/web\/?p=7583"},"modified":"2024-08-02T01:23:10","modified_gmt":"2024-08-02T04:23:10","slug":"manco-hilacha-es-ciudadano-ilustre-de-entre-rios","status":"publish","type":"post","link":"https:\/\/3260.com.ar\/web\/manco-hilacha-es-ciudadano-ilustre-de-entre-rios\/","title":{"rendered":"MANCO HILACHA ES CIUDADANO ILUSTRE DE ENTRE RIOS"},"content":{"rendered":"\n<p class=\"has-text-align-right has-small-font-size\">Marco Tosi, celebrando su cumplea\u00f1os con amigos: Marcelino Moya sacerdote payador y dos maestros rurales Ceferino Benitez y Alfredo Jes\u00fas C\u00f3rdoba.<\/p>\n\n\n\n<p>En la \u00faltima sesi\u00f3n del mes de julio de 2024 de la Honorable C\u00e1mara de Diputados de Entre R\u00edos, entre otros declar\u00f3 ciudadano ilustre de la Provincia de Entre R\u00edos a Marco Amadeo Ejidio Tosi popular e internacionalmente conocido como \u00abMANCHO HILACHA\u00bb.<\/p>\n\n\n\n<p>El hombre que seg\u00fan sus propias palabras \u00able di\u00f3 a la vida una mano\u00bb.<\/p>\n\n\n\n<p>Esta misma redacci\u00f3n public\u00f3 ( <a href=\"https:\/\/3260.com.ar\/web\/marco-tosi-el-manco-hilacha-fue-declarado-personalidad-destacada-de-la-cultura\/\" data-type=\"link\" data-id=\"https:\/\/3260.com.ar\/web\/marco-tosi-el-manco-hilacha-fue-declarado-personalidad-destacada-de-la-cultura\/\">https:\/\/3260.com.ar\/web\/marco-tosi-el-manco-hilacha-fue-declarado-personalidad-destacada-de-la-cultura\/<\/a> ) una nota el pasado 17 de diciembre de 2023 cuando  \u00a0el Honorable Concejo Deliberante de Conepci\u00f3n del Uruguay, hiciese  \u00abla declaraci\u00f3n de Personalidad destacada de la Cultura\u00bb a Marco Tosi. <\/p>\n\n\n\n<p>Para quienes conocemos y hemos tenido el honor de compartir horas de charlas con Marco es un placer poder escuchar sus relatos, que son para coleccionar.  Una persona simple, natural, \u00edntegra, noble, gigante y resiliente por excelencia.<\/p>\n\n\n\n<p>Felicitaciones Marco \u00abManco Hilacha\u00bb, vaya la congratulaci\u00f3n para tu compa\u00f1era de ruta Mirta que lo acompa\u00f1a a la par en cada uno de los emprendimientos y trabajos que le dan sustento a la vida cotidiana.<\/p>\n\n\n\n<p>En cualquier encuentro con tantos amigos natural y espont\u00e1neamente surge \u00abel decidor de cosas camperas\u00bb, testimonio que puede apreciarse en el v\u00ednculo siguiente<\/p>\n\n\n\n<p><a href=\"https:\/\/www.facebook.com\/estatierraquequierotanto\/videos\/1414282895899556\">https:\/\/www.facebook.com\/estatierraquequierotanto\/videos\/1414282895899556<\/a><\/p>\n","protected":false},"excerpt":{"rendered":"<p>Marco Tosi, celebrando su cumplea\u00f1os con amigos: Marcelino Moya sacerdote payador y dos maestros rurales Ceferino Benitez y Alfredo Jes\u00fas C\u00f3rdoba. En la \u00faltima sesi\u00f3n del mes de julio de 2024 de la Honorable C\u00e1mara de Diputados de Entre R\u00edos, entre otros declar\u00f3 ciudadano ilustre de la Provincia de Entre R\u00edos a Marco Amadeo Ejidio [&hellip;]<\/p>\n","protected":false},"author":3,"featured_media":7587,"comment_status":"closed","ping_status":"closed","sticky":false,"template":"","format":"standard","meta":{"_jetpack_memberships_contains_paid_content":false,"footnotes":"","jetpack_publicize_message":"","jetpack_publicize_feature_enabled":true,"jetpack_social_post_already_shared":true,"jetpack_social_options":{"image_generator_settings":{"template":"highway","default_image_id":0,"enabled":false},"version":2}},"categories":[174],"tags":[60,2224],"class_list":["post-7583","post","type-post","status-publish","format-standard","has-post-thumbnail","hentry","category-cultura","tag-60","tag-mancho-hilacha"],"jetpack_publicize_connections":[],"jetpack_featured_media_url":"https:\/\/3260.com.ar\/web\/wp-content\/uploads\/2024\/08\/Marco-Tosi-2ago2024.jpeg","jetpack_sharing_enabled":true,"_links":{"self":[{"href":"https:\/\/3260.com.ar\/web\/wp-json\/wp\/v2\/posts\/7583","targetHints":{"allow":["GET"]}}],"collection":[{"href":"https:\/\/3260.com.ar\/web\/wp-json\/wp\/v2\/posts"}],"about":[{"href":"https:\/\/3260.com.ar\/web\/wp-json\/wp\/v2\/types\/post"}],"author":[{"embeddable":true,"href":"https:\/\/3260.com.ar\/web\/wp-json\/wp\/v2\/users\/3"}],"replies":[{"embeddable":true,"href":"https:\/\/3260.com.ar\/web\/wp-json\/wp\/v2\/comments?post=7583"}],"version-history":[{"count":5,"href":"https:\/\/3260.com.ar\/web\/wp-json\/wp\/v2\/posts\/7583\/revisions"}],"predecessor-version":[{"id":7590,"href":"https:\/\/3260.com.ar\/web\/wp-json\/wp\/v2\/posts\/7583\/revisions\/7590"}],"wp:featuredmedia":[{"embeddable":true,"href":"https:\/\/3260.com.ar\/web\/wp-json\/wp\/v2\/media\/7587"}],"wp:attachment":[{"href":"https:\/\/3260.com.ar\/web\/wp-json\/wp\/v2\/media?parent=7583"}],"wp:term":[{"taxonomy":"category","embeddable":true,"href":"https:\/\/3260.com.ar\/web\/wp-json\/wp\/v2\/categories?post=7583"},{"taxonomy":"post_tag","embeddable":true,"href":"https:\/\/3260.com.ar\/web\/wp-json\/wp\/v2\/tags?post=7583"}],"curies":[{"name":"wp","href":"https:\/\/api.w.org\/{rel}","templated":true}]}}