{"id":7612,"date":"2024-08-06T17:54:00","date_gmt":"2024-08-06T20:54:00","guid":{"rendered":"https:\/\/3260.com.ar\/web\/?p=7612"},"modified":"2024-08-05T20:58:18","modified_gmt":"2024-08-05T23:58:18","slug":"tercer-encuentro-inter-universitario-de-avicultura","status":"publish","type":"post","link":"https:\/\/3260.com.ar\/web\/tercer-encuentro-inter-universitario-de-avicultura\/","title":{"rendered":"TERCER ENCUENTRO INTER UNIVERSITARIO DE AVICULTURA"},"content":{"rendered":"\n<p>El 3\u00b0 Encuentro Interuniversitario de Avicultura se desarrollar\u00e1 en el sal\u00f3n de conferencias del INTA, Estaci\u00f3n Experimental Agropecuaria de Concepci\u00f3n del Uruguay el viernes 20 de septiembre de 2024 desde las 8:30 am<\/p>\n\n\n\n<p>Es organizado por la sede Basavilbaso de la Facultad de Ciencia y Tecnolog\u00eda de la Universidad Aut\u00f3noma de Entre R\u00edos y el Departamento Avicultura de la EEA Concepci\u00f3n del Uruguay; tiene por objetivos establecer un espacio de actualizaci\u00f3n para quienes ense\u00f1an avicultura en nuestro pa\u00eds y para el sector av\u00edcola,\u202fy difundir trabajos relacionados a la tem\u00e1tica mediante la presentaci\u00f3n de posters. <\/p>\n\n\n\n<p>La recepci\u00f3n de res\u00famenes estar\u00e1 habilitada hasta el 20 de agosto.<\/p>\n\n\n\n<p class=\"has-text-align-right has-small-font-size\">Fuente: INTA<\/p>\n","protected":false},"excerpt":{"rendered":"<p>El 3\u00b0 Encuentro Interuniversitario de Avicultura se desarrollar\u00e1 en el sal\u00f3n de conferencias del INTA, Estaci\u00f3n Experimental Agropecuaria de Concepci\u00f3n del Uruguay el viernes 20 de septiembre de 2024 desde las 8:30 am Es organizado por la sede Basavilbaso de la Facultad de Ciencia y Tecnolog\u00eda de la Universidad Aut\u00f3noma de Entre R\u00edos y el [&hellip;]<\/p>\n","protected":false},"author":3,"featured_media":7613,"comment_status":"closed","ping_status":"closed","sticky":false,"template":"","format":"standard","meta":{"_jetpack_memberships_contains_paid_content":false,"footnotes":"","jetpack_publicize_message":"","jetpack_publicize_feature_enabled":true,"jetpack_social_post_already_shared":true,"jetpack_social_options":{"image_generator_settings":{"template":"highway","default_image_id":0,"enabled":false},"version":2}},"categories":[176],"tags":[60,2227,2226,886],"class_list":["post-7612","post","type-post","status-publish","format-standard","has-post-thumbnail","hentry","category-educacion","tag-60","tag-eea-concepcion-del-uruguay","tag-encuentro-interuniversitario-avicultura","tag-inta"],"jetpack_publicize_connections":[],"jetpack_featured_media_url":"https:\/\/3260.com.ar\/web\/wp-content\/uploads\/2024\/08\/Encuentro-Interuniversitario-Avicultura.jpg","jetpack_sharing_enabled":true,"_links":{"self":[{"href":"https:\/\/3260.com.ar\/web\/wp-json\/wp\/v2\/posts\/7612","targetHints":{"allow":["GET"]}}],"collection":[{"href":"https:\/\/3260.com.ar\/web\/wp-json\/wp\/v2\/posts"}],"about":[{"href":"https:\/\/3260.com.ar\/web\/wp-json\/wp\/v2\/types\/post"}],"author":[{"embeddable":true,"href":"https:\/\/3260.com.ar\/web\/wp-json\/wp\/v2\/users\/3"}],"replies":[{"embeddable":true,"href":"https:\/\/3260.com.ar\/web\/wp-json\/wp\/v2\/comments?post=7612"}],"version-history":[{"count":1,"href":"https:\/\/3260.com.ar\/web\/wp-json\/wp\/v2\/posts\/7612\/revisions"}],"predecessor-version":[{"id":7614,"href":"https:\/\/3260.com.ar\/web\/wp-json\/wp\/v2\/posts\/7612\/revisions\/7614"}],"wp:featuredmedia":[{"embeddable":true,"href":"https:\/\/3260.com.ar\/web\/wp-json\/wp\/v2\/media\/7613"}],"wp:attachment":[{"href":"https:\/\/3260.com.ar\/web\/wp-json\/wp\/v2\/media?parent=7612"}],"wp:term":[{"taxonomy":"category","embeddable":true,"href":"https:\/\/3260.com.ar\/web\/wp-json\/wp\/v2\/categories?post=7612"},{"taxonomy":"post_tag","embeddable":true,"href":"https:\/\/3260.com.ar\/web\/wp-json\/wp\/v2\/tags?post=7612"}],"curies":[{"name":"wp","href":"https:\/\/api.w.org\/{rel}","templated":true}]}}