{"id":7818,"date":"2024-09-05T00:05:00","date_gmt":"2024-09-05T03:05:00","guid":{"rendered":"https:\/\/3260.com.ar\/web\/?p=7818"},"modified":"2024-09-05T19:44:32","modified_gmt":"2024-09-05T22:44:32","slug":"veda-para-la-pesca-del-pescado","status":"publish","type":"post","link":"https:\/\/3260.com.ar\/web\/veda-para-la-pesca-del-pescado\/","title":{"rendered":"VEDA PARA LA PESCA DEL DORADO."},"content":{"rendered":"\n<p>La Comisi\u00f3n Administradora del R\u00edo Uruguay, recuerda que seg\u00fan Resoluci\u00f3n N\u00ba 111\/2023 el periodo de veda para la pesca del Dorado, tanto comercial como deportiva, qued\u00f3 establecida de manera permanente desde el 1 de septiembre al 31 de diciembre de cada a\u00f1o. La medida busca la preservaci\u00f3n de esta especie en el R\u00edo Uruguay.<\/p>\n\n\n\n<p>Como <a><\/a>ya se ha informado desde CARU en otras oportunidades, el dorado (Salminus brasiliensis) realiza migraciones reproductivas. Ese per\u00edodo en el r\u00edo Uruguay es mayormente en la primavera y parte del verano, por lo que se establece la veda estos cuatro meses para proteger los card\u00famenes en desove y aumentar as\u00ed la eficacia reproductiva de esta especie.<\/p>\n\n\n\n<p>La CARU recuerda que la mencionada Resoluci\u00f3n se enmarca en las tareas de preservaci\u00f3n de la Biodiversidad y la conservaci\u00f3n de los recursos \u00edcticos del R\u00edo Uruguay que desarrolla la Comisi\u00f3n Administradora del R\u00edo Uruguay.   <\/p>\n\n\n\n<p>La Resoluci\u00f3n completa se puede leer en el link  <a href=\"https:\/\/l.facebook.com\/l.php?u=https%3A%2F%2Fwww.caru.org.uy%2Fweb%2Fwp-content%2Fuploads%2F2023%2F08%2FRESOLUCION-N-111-23-Veda-del-Dorado.pdf%3Ffbclid%3DIwZXh0bgNhZW0CMTAAAR11AMXpT1721GU9fvG96C6nSuiadCSk860VOpL4kS3JYtvekfEYQFMDUgk_aem_ccRl4_BgqKLGEPFd8hOhWQ&amp;h=AT2oWb8lHPnN0PYX6LJDRKTKHBi8RFv85D_lFADlWgMP3g7iPn9gTtiUPHsudPVWRHDbh4YIEokIkVk648n_WDq7R_Pbm58nmC9xrils8cTgBqc72Kni-s6T2eBqfFNXFK6h&amp;__tn__=-UK-R&amp;c[0]=AT361H_gJfH3ukBYi9DRKodSoop-iJyfIa7Wua343FzIWnekm8GfAiSPpSYZoSMn7STtFo5BR3wF9FCSWlYX9Dz_uaqXcNxrbKEZLY3bo4lLotgjsWcIIaH-xBG46w50NEBEvu6uE0gosGE-mbW4tE1pygxnmcqqUbiqZR6XzxM5PFDUI6jghhnikGAA5Yk3NLu_dDJkCTdP_LdDWbg3tZZKYWvVw2q5Z9hl2thJCw\">https:\/\/l.facebook.com\/l.php?u=https%3A%2F%2Fwww.caru.org.uy%2Fweb%2Fwp-content%2Fuploads%2F2023%2F08%2FRESOLUCION-N-111-23-Veda-del-Dorado.pdf%3Ffbclid%3DIwZXh0bgNhZW0CMTAAAR11AMXpT1721GU9fvG96C6nSuiadCSk860VOpL4kS3JYtvekfEYQFMDUgk_aem_ccRl4_BgqKLGEPFd8hOhWQ&amp;h=AT2oWb8lHPnN0PYX6LJDRKTKHBi8RFv85D_lFADlWgMP3g7iPn9gTtiUPHsudPVWRHDbh4YIEokIkVk648n_WDq7R_Pbm58nmC9xrils8cTgBqc72Kni-s6T2eBqfFNXFK6h&amp;__tn__=-UK-R&amp;c[0]=AT361H_gJfH3ukBYi9DRKodSoop-iJyfIa7Wua343FzIWnekm8GfAiSPpSYZoSMn7STtFo5BR3wF9FCSWlYX9Dz_uaqXcNxrbKEZLY3bo4lLotgjsWcIIaH-xBG46w50NEBEvu6uE0gosGE-mbW4tE1pygxnmcqqUbiqZR6XzxM5PFDUI6jghhnikGAA5Yk3NLu_dDJkCTdP_LdDWbg3tZZKYWvVw2q5Z9hl2thJCw<\/a><\/p>\n","protected":false},"excerpt":{"rendered":"<p>La Comisi\u00f3n Administradora del R\u00edo Uruguay, recuerda que seg\u00fan Resoluci\u00f3n N\u00ba 111\/2023 el periodo de veda para la pesca del Dorado, tanto comercial como deportiva, qued\u00f3 establecida de manera permanente desde el 1 de septiembre al 31 de diciembre de cada a\u00f1o. La medida busca la preservaci\u00f3n de esta especie en el R\u00edo Uruguay. Como [&hellip;]<\/p>\n","protected":false},"author":3,"featured_media":7820,"comment_status":"closed","ping_status":"closed","sticky":false,"template":"","format":"standard","meta":{"_jetpack_memberships_contains_paid_content":false,"footnotes":"","jetpack_publicize_message":"","jetpack_publicize_feature_enabled":true,"jetpack_social_post_already_shared":true,"jetpack_social_options":{"image_generator_settings":{"template":"highway","default_image_id":0,"enabled":false},"version":2}},"categories":[175],"tags":[60,2278],"class_list":["post-7818","post","type-post","status-publish","format-standard","has-post-thumbnail","hentry","category-turismo","tag-60","tag-veda-pesca-dorado"],"jetpack_publicize_connections":[],"jetpack_featured_media_url":"https:\/\/3260.com.ar\/web\/wp-content\/uploads\/2024\/09\/Dorado.webp","jetpack_sharing_enabled":true,"_links":{"self":[{"href":"https:\/\/3260.com.ar\/web\/wp-json\/wp\/v2\/posts\/7818","targetHints":{"allow":["GET"]}}],"collection":[{"href":"https:\/\/3260.com.ar\/web\/wp-json\/wp\/v2\/posts"}],"about":[{"href":"https:\/\/3260.com.ar\/web\/wp-json\/wp\/v2\/types\/post"}],"author":[{"embeddable":true,"href":"https:\/\/3260.com.ar\/web\/wp-json\/wp\/v2\/users\/3"}],"replies":[{"embeddable":true,"href":"https:\/\/3260.com.ar\/web\/wp-json\/wp\/v2\/comments?post=7818"}],"version-history":[{"count":2,"href":"https:\/\/3260.com.ar\/web\/wp-json\/wp\/v2\/posts\/7818\/revisions"}],"predecessor-version":[{"id":7825,"href":"https:\/\/3260.com.ar\/web\/wp-json\/wp\/v2\/posts\/7818\/revisions\/7825"}],"wp:featuredmedia":[{"embeddable":true,"href":"https:\/\/3260.com.ar\/web\/wp-json\/wp\/v2\/media\/7820"}],"wp:attachment":[{"href":"https:\/\/3260.com.ar\/web\/wp-json\/wp\/v2\/media?parent=7818"}],"wp:term":[{"taxonomy":"category","embeddable":true,"href":"https:\/\/3260.com.ar\/web\/wp-json\/wp\/v2\/categories?post=7818"},{"taxonomy":"post_tag","embeddable":true,"href":"https:\/\/3260.com.ar\/web\/wp-json\/wp\/v2\/tags?post=7818"}],"curies":[{"name":"wp","href":"https:\/\/api.w.org\/{rel}","templated":true}]}}