{"id":782,"date":"2020-08-19T00:10:30","date_gmt":"2020-08-19T03:10:30","guid":{"rendered":"http:\/\/3260.com.ar\/web\/?p=782"},"modified":"2020-08-19T00:15:07","modified_gmt":"2020-08-19T03:15:07","slug":"fui-un-entrenador-que-tuvo-la-suerte-de-tener-exito-deportivo","status":"publish","type":"post","link":"https:\/\/3260.com.ar\/web\/fui-un-entrenador-que-tuvo-la-suerte-de-tener-exito-deportivo\/","title":{"rendered":"\u201cFui un entrenador que tuvo la suerte de tener \u00e9xito deportivo\u201d"},"content":{"rendered":"\n<p>Colmado de emoci\u00f3n, rodeado de congoja y con la frente bien en alto, <strong>Ren\u00e9 Richard<\/strong> anunci\u00f3 su desvinculaci\u00f3n contractual con el Club Parque Sur.<\/p>\n\n\n\n<blockquote class=\"wp-block-quote is-layout-flow wp-block-quote-is-layout-flow\"><p>\u201cEstoy viendo a todos los que quer\u00eda ver, gente que me ha hecho crecer como persona antes que como entrenador\u2026\u201d<\/p><\/blockquote>\n\n\n\n<p>No hab\u00eda pasado un minuto cuando llegaron las l\u00e1grimas, al igual que le sucedi\u00f3 a muchos de los presentes en la improvisada \u00bfdespedida? de su segunda casa.<\/p>\n\n\n\n<p><strong>Jorge Ib\u00e1\u00f1ez<\/strong>, Presidente -a su izquierda- y <strong>Ramiro Delcanto<\/strong>, Subcomisi\u00f3n de B\u00e1squet -a su derecha- disimularon el llanto perdi\u00e9ndose en una pantalla encendida. El micr\u00f3fono ya hab\u00eda pasado por sus manos, claro.&nbsp; Ahora era propiedad del homenajeado.<\/p>\n\n\n\n<div class=\"wp-block-image\"><figure class=\"aligncenter size-large is-resized\"><img loading=\"lazy\" decoding=\"async\" src=\"http:\/\/3260.com.ar\/web\/wp-content\/uploads\/2020\/08\/rene2-1024x576.gif\" alt=\"\" class=\"wp-image-783\" width=\"430\" height=\"242\" srcset=\"https:\/\/3260.com.ar\/web\/wp-content\/uploads\/2020\/08\/rene2-1024x576.gif 1024w, https:\/\/3260.com.ar\/web\/wp-content\/uploads\/2020\/08\/rene2-300x169.gif 300w, https:\/\/3260.com.ar\/web\/wp-content\/uploads\/2020\/08\/rene2-768x432.gif 768w\" sizes=\"auto, (max-width: 430px) 100vw, 430px\" \/><\/figure><\/div>\n\n\n\n<p>El ex entrenador del b\u00e1squet masculino profesional sure\u00f1o <strong>decidi\u00f3 tomarse <em>\u201cun aire\u201d<\/em><\/strong> no sin antes repasar sus vivencias en los m\u00e1s de treinta a\u00f1os vividos dentro de la instituci\u00f3n del Puerto Viejo.<\/p>\n\n\n\n<blockquote class=\"wp-block-quote is-layout-flow wp-block-quote-is-layout-flow\"><p>\u201cEsto es un aire que nos va a hacer bien a los dos: a m\u00ed para tomar otros desaf\u00edos y al club para que tengan oportunidad de conocer a otros entrenadores\u201d<\/p><\/blockquote>\n\n\n\n<p>Su ingreso como nadador en Pescadores, su presentaci\u00f3n como jugador en Divisi\u00f3n, los \u00e1rboles pintados para poder acampar gratis, y su aprendizaje como profesor de Educaci\u00f3n F\u00edsica y como Entrenador.<\/p>\n\n\n\n<blockquote class=\"wp-block-quote is-layout-flow wp-block-quote-is-layout-flow\"><p>\u201cEl rol del entrenador poca gente lo ve porque lo primero que tiene que hacer es formar un grupo y a partir de ah\u00ed tratar de empezar a formar un equipo\u201d<\/p><\/blockquote>\n\n\n\n<p>Su mirada todav\u00eda inundada encontr\u00f3 a una persona, tal como lo hizo miles de veces sin importar si hab\u00eda sido victoria o derrota. Calvo, en silencio, sentado en la primera fila de sillas y bien enfrente suyo.<\/p>\n\n\n\n<p><strong>Mario \u201cChirola\u201d Quintero<\/strong>, su gran maestro, su gran amigo, &nbsp;encarn\u00f3 entonces la continuidad del relato llev\u00e1ndonos al momento en que Ren\u00e9 le golpe\u00f3 la puerta para pedirle ayuda en su nuevo rol de Director T\u00e9cnico.<\/p>\n\n\n\n<blockquote class=\"wp-block-quote is-layout-flow wp-block-quote-is-layout-flow\"><p>\u201cFui un entrenador que tuvo la suerte de tener \u00e9xito deportivo, pero a la suerte hay que ayudarla rode\u00e1ndose de gente humilde, que te sepa cuidar y que te escuche, y yo estoy agradecidos a todos ellos de por vida\u201d<\/p><\/blockquote>\n\n\n\n<p>La pel\u00edcula de Richard prosigui\u00f3. Desde discutir el ingreso a la Liga C hasta afianzarse en la segunda divisi\u00f3n del pa\u00eds, pasando por la ayuda del <strong>\u201cinmenso\u201d Carlos Benav\u00eddez<\/strong> y por la oportuna llegada de <strong>su sobrino Agust\u00edn<\/strong>.<\/p>\n\n\n\n<p>De golpe, redoblantes, bombos, aplausos y gritos irrumpieron la cr\u00f3nica aport\u00e1ndole calor y sudor a la nost\u00e1lgica noche. <em><strong>\u201cQue de la mano de Ren\u00e9 Richard todos la vuelta vamos a dar\u201d<\/strong><\/em> se enton\u00f3 fuera del recinto y contagi\u00f3 a su interior.<\/p>\n\n\n\n<blockquote class=\"wp-block-quote is-layout-flow wp-block-quote-is-layout-flow\"><p>\u201cEl 50% del \u00e9xito deportivo de Parque Sur se debe al acompa\u00f1amiento de la gente en todos lados donde hemos jugado\u201d<\/p><\/blockquote>\n\n\n\n<p>El protagonista, ahora algo m\u00e1s descontracturado, continu\u00f3. Habl\u00f3 de su llegada al b\u00e1squet profesional, de su rol de <strong>cocinero<\/strong> y hasta de<strong> chofer<\/strong>, y del llanto de alegr\u00eda minutos antes de jugar una final en Salta bajo el aliento ensordecedor de su gente.<\/p>\n\n\n\n<blockquote class=\"wp-block-quote is-layout-flow wp-block-quote-is-layout-flow\"><p>\u201cGracias a Dios somos un equipo respetado en cualquier cancha que vayamos, no s\u00f3lo deportivamente sino por la presencia que tenemos, y eso tambi\u00e9n se lo debo a la gente que a todos lados nos ha acompa\u00f1ado\u201d<\/p><\/blockquote>\n\n\n\n<p>Luego Richard imagin\u00f3 su <strong>futuro<\/strong>, o mejor dicho, su <strong>presente<\/strong>. El que lo tendr\u00e1 fuera del banco de suplentes sure\u00f1o al menos por un tiempo.<\/p>\n\n\n\n<blockquote class=\"wp-block-quote is-layout-flow wp-block-quote-is-layout-flow\"><p>\u201cA partir de la semana que viene estar\u00e9 abierto a dirigir Liga H, Z o la que sea, no tengo problema en seguir conviviendo con el b\u00e1squet porque es lo que m\u00e1s me gusta, y creo que gracias a Parque Sur estoy preparado para lo que venga\u201d<\/p><\/blockquote>\n\n\n\n<p>Ahora s\u00ed, con los ojos despejados y un tono m\u00e1s suelto, Ren\u00e9 cerr\u00f3 su exposici\u00f3n agradeciendo y mostrando el temple de quien est\u00e1 seguro de haberlo dado todo.<\/p>\n\n\n\n<blockquote class=\"wp-block-quote is-layout-flow wp-block-quote-is-layout-flow\"><p>\u201cEstuve toda la vida dentro del club, le di todo y \u00e9l me lo ha dado a m\u00ed, soy quien soy y eso se lo debo a quienes estuvieron al lado m\u00edo, al club, a la hinchada y a todos los jugadores que han pasado por m\u00ed\u201d<\/p><\/blockquote>\n\n\n\n<p>Sin m\u00e1s, el hombre vestido de pies a cabeza con la indumentaria oficial del club de sus amores, sentado en el centro de la mesa y al que todas las miradas y los flashes apuntaron, <strong>se despidi\u00f3 formalmente<\/strong>.<\/p>\n\n\n\n<blockquote class=\"wp-block-quote is-layout-flow wp-block-quote-is-layout-flow\"><p>\u201cEstoy muy tranquilo porque lo he dado todo\u2026 Ojal\u00e1 que en alg\u00fan momento nos juntemos otra vez\u201d<\/p><\/blockquote>\n\n\n\n<figure class=\"wp-block-gallery columns-3 is-cropped wp-block-gallery-1 is-layout-flex wp-block-gallery-is-layout-flex\"><ul class=\"blocks-gallery-grid\"><li class=\"blocks-gallery-item\"><figure><img loading=\"lazy\" decoding=\"async\" width=\"1024\" height=\"576\" src=\"http:\/\/3260.com.ar\/web\/wp-content\/uploads\/2020\/08\/Rene8-1024x576.gif\" alt=\"\" data-id=\"785\" data-full-url=\"http:\/\/3260.com.ar\/web\/wp-content\/uploads\/2020\/08\/Rene8.gif\" data-link=\"http:\/\/3260.com.ar\/web\/?attachment_id=785\" class=\"wp-image-785\" srcset=\"https:\/\/3260.com.ar\/web\/wp-content\/uploads\/2020\/08\/Rene8-1024x576.gif 1024w, https:\/\/3260.com.ar\/web\/wp-content\/uploads\/2020\/08\/Rene8-300x169.gif 300w, https:\/\/3260.com.ar\/web\/wp-content\/uploads\/2020\/08\/Rene8-768x432.gif 768w\" sizes=\"auto, (max-width: 1024px) 100vw, 1024px\" \/><\/figure><\/li><li class=\"blocks-gallery-item\"><figure><img loading=\"lazy\" decoding=\"async\" width=\"1024\" height=\"576\" src=\"http:\/\/3260.com.ar\/web\/wp-content\/uploads\/2020\/08\/Rene6-1024x576.gif\" alt=\"\" data-id=\"787\" data-full-url=\"http:\/\/3260.com.ar\/web\/wp-content\/uploads\/2020\/08\/Rene6.gif\" data-link=\"http:\/\/3260.com.ar\/web\/?attachment_id=787\" class=\"wp-image-787\" srcset=\"https:\/\/3260.com.ar\/web\/wp-content\/uploads\/2020\/08\/Rene6-1024x576.gif 1024w, https:\/\/3260.com.ar\/web\/wp-content\/uploads\/2020\/08\/Rene6-300x169.gif 300w, https:\/\/3260.com.ar\/web\/wp-content\/uploads\/2020\/08\/Rene6-768x432.gif 768w\" sizes=\"auto, (max-width: 1024px) 100vw, 1024px\" \/><\/figure><\/li><li class=\"blocks-gallery-item\"><figure><img loading=\"lazy\" decoding=\"async\" width=\"1024\" height=\"576\" src=\"http:\/\/3260.com.ar\/web\/wp-content\/uploads\/2020\/08\/Rene7-1024x576.gif\" alt=\"\" data-id=\"786\" data-full-url=\"http:\/\/3260.com.ar\/web\/wp-content\/uploads\/2020\/08\/Rene7.gif\" data-link=\"http:\/\/3260.com.ar\/web\/?attachment_id=786\" class=\"wp-image-786\" srcset=\"https:\/\/3260.com.ar\/web\/wp-content\/uploads\/2020\/08\/Rene7-1024x576.gif 1024w, https:\/\/3260.com.ar\/web\/wp-content\/uploads\/2020\/08\/Rene7-300x169.gif 300w, https:\/\/3260.com.ar\/web\/wp-content\/uploads\/2020\/08\/Rene7-768x432.gif 768w\" sizes=\"auto, (max-width: 1024px) 100vw, 1024px\" \/><\/figure><\/li><li class=\"blocks-gallery-item\"><figure><img loading=\"lazy\" decoding=\"async\" width=\"1024\" height=\"576\" src=\"http:\/\/3260.com.ar\/web\/wp-content\/uploads\/2020\/08\/Rene4-1024x576.gif\" alt=\"\" data-id=\"789\" data-full-url=\"http:\/\/3260.com.ar\/web\/wp-content\/uploads\/2020\/08\/Rene4.gif\" data-link=\"http:\/\/3260.com.ar\/web\/?attachment_id=789\" class=\"wp-image-789\" srcset=\"https:\/\/3260.com.ar\/web\/wp-content\/uploads\/2020\/08\/Rene4-1024x576.gif 1024w, https:\/\/3260.com.ar\/web\/wp-content\/uploads\/2020\/08\/Rene4-300x169.gif 300w, https:\/\/3260.com.ar\/web\/wp-content\/uploads\/2020\/08\/Rene4-768x432.gif 768w\" sizes=\"auto, (max-width: 1024px) 100vw, 1024px\" \/><\/figure><\/li><li class=\"blocks-gallery-item\"><figure><img loading=\"lazy\" decoding=\"async\" width=\"1024\" height=\"576\" src=\"http:\/\/3260.com.ar\/web\/wp-content\/uploads\/2020\/08\/Rene5-1024x576.gif\" alt=\"\" data-id=\"788\" data-full-url=\"http:\/\/3260.com.ar\/web\/wp-content\/uploads\/2020\/08\/Rene5.gif\" data-link=\"http:\/\/3260.com.ar\/web\/?attachment_id=788\" class=\"wp-image-788\" srcset=\"https:\/\/3260.com.ar\/web\/wp-content\/uploads\/2020\/08\/Rene5-1024x576.gif 1024w, https:\/\/3260.com.ar\/web\/wp-content\/uploads\/2020\/08\/Rene5-300x169.gif 300w, https:\/\/3260.com.ar\/web\/wp-content\/uploads\/2020\/08\/Rene5-768x432.gif 768w\" sizes=\"auto, (max-width: 1024px) 100vw, 1024px\" \/><\/figure><\/li><li class=\"blocks-gallery-item\"><figure><img loading=\"lazy\" decoding=\"async\" width=\"1024\" height=\"576\" src=\"http:\/\/3260.com.ar\/web\/wp-content\/uploads\/2020\/08\/Rene3-1024x576.gif\" alt=\"\" data-id=\"790\" data-full-url=\"http:\/\/3260.com.ar\/web\/wp-content\/uploads\/2020\/08\/Rene3.gif\" data-link=\"http:\/\/3260.com.ar\/web\/?attachment_id=790\" class=\"wp-image-790\" srcset=\"https:\/\/3260.com.ar\/web\/wp-content\/uploads\/2020\/08\/Rene3-1024x576.gif 1024w, https:\/\/3260.com.ar\/web\/wp-content\/uploads\/2020\/08\/Rene3-300x169.gif 300w, https:\/\/3260.com.ar\/web\/wp-content\/uploads\/2020\/08\/Rene3-768x432.gif 768w\" sizes=\"auto, (max-width: 1024px) 100vw, 1024px\" \/><\/figure><\/li><\/ul><\/figure>\n","protected":false},"excerpt":{"rendered":"<p>Colmado de emoci\u00f3n, rodeado de congoja y con la frente bien en alto, Ren\u00e9 Richard anunci\u00f3 su desvinculaci\u00f3n contractual con el Club Parque Sur. \u201cEstoy viendo a todos los que quer\u00eda ver, gente que me ha hecho crecer como persona antes que como entrenador\u2026\u201d No hab\u00eda pasado un minuto cuando llegaron las l\u00e1grimas, al igual [&hellip;]<\/p>\n","protected":false},"author":2,"featured_media":784,"comment_status":"open","ping_status":"open","sticky":false,"template":"","format":"gallery","meta":{"_jetpack_memberships_contains_paid_content":false,"footnotes":"","jetpack_publicize_message":"","jetpack_publicize_feature_enabled":true,"jetpack_social_post_already_shared":true,"jetpack_social_options":{"image_generator_settings":{"template":"highway","default_image_id":0,"enabled":false},"version":2}},"categories":[173],"tags":[60,321,323,322],"class_list":["post-782","post","type-post","status-publish","format-gallery","has-post-thumbnail","hentry","category-deportes","tag-60","tag-basquet","tag-parque-sur","tag-rene-richard","post_format-post-format-gallery"],"jetpack_publicize_connections":[],"jetpack_featured_media_url":"https:\/\/3260.com.ar\/web\/wp-content\/uploads\/2020\/08\/rene1.gif","jetpack_sharing_enabled":true,"_links":{"self":[{"href":"https:\/\/3260.com.ar\/web\/wp-json\/wp\/v2\/posts\/782","targetHints":{"allow":["GET"]}}],"collection":[{"href":"https:\/\/3260.com.ar\/web\/wp-json\/wp\/v2\/posts"}],"about":[{"href":"https:\/\/3260.com.ar\/web\/wp-json\/wp\/v2\/types\/post"}],"author":[{"embeddable":true,"href":"https:\/\/3260.com.ar\/web\/wp-json\/wp\/v2\/users\/2"}],"replies":[{"embeddable":true,"href":"https:\/\/3260.com.ar\/web\/wp-json\/wp\/v2\/comments?post=782"}],"version-history":[{"count":0,"href":"https:\/\/3260.com.ar\/web\/wp-json\/wp\/v2\/posts\/782\/revisions"}],"wp:featuredmedia":[{"embeddable":true,"href":"https:\/\/3260.com.ar\/web\/wp-json\/wp\/v2\/media\/784"}],"wp:attachment":[{"href":"https:\/\/3260.com.ar\/web\/wp-json\/wp\/v2\/media?parent=782"}],"wp:term":[{"taxonomy":"category","embeddable":true,"href":"https:\/\/3260.com.ar\/web\/wp-json\/wp\/v2\/categories?post=782"},{"taxonomy":"post_tag","embeddable":true,"href":"https:\/\/3260.com.ar\/web\/wp-json\/wp\/v2\/tags?post=782"}],"curies":[{"name":"wp","href":"https:\/\/api.w.org\/{rel}","templated":true}]}}