{"id":7861,"date":"2024-09-14T00:58:00","date_gmt":"2024-09-14T03:58:00","guid":{"rendered":"https:\/\/3260.com.ar\/web\/?p=7861"},"modified":"2024-09-11T20:14:49","modified_gmt":"2024-09-11T23:14:49","slug":"capacitacion-sobre-alzheimer","status":"publish","type":"post","link":"https:\/\/3260.com.ar\/web\/capacitacion-sobre-alzheimer\/","title":{"rendered":"CAPACITACI\u00d3N SOBRE ALZHEIMER"},"content":{"rendered":"\n<p>El pr\u00f3ximo jueves 19 de septiembre de2024 desde las 15:30 horass en el Sal\u00f3n del Sindicato de Embarcados (3 de febrero 119 de Concepci\u00f3n del Uruguay) se llevar\u00e1 a cabo la Jornada de capacitaci\u00f3n sobre la enfermedad de Alzheimer \u201cMientras muchos se esfuerza por olvidar, otros luchan por recordar\u201d.<\/p>\n\n\n\n<p>El evento es organizado desde la asignatura Pr\u00e1cticas en Psicogerontolog\u00eda I de la Tecnicatura Universitaria en Psicogerontolog\u00eda de la Facultad de Humanidades Artes y Ciencias Sociales sede Uruguay  de  UADER.  Se realiza en el marco del D\u00eda Mundial de la enfermedad de Alzheimer, la cual se conmemora cada 21 de septiembre, fecha instaurada por la Organizaci\u00f3n Mundial de la Salud.<\/p>\n\n\n\n<p>A trav\u00e9s de esta propuesta se busca informar, concientizar y sensibilizar sobre la enfermedad de Alzheimer; brindar herramientas de trabajo y abordaje a cuidadores formales e informales; visibilizar su situaci\u00f3n as\u00ed como conformar un espacio de di\u00e1logo que permita a los asistentes aclarar dudas sobre esta enfermedad.<\/p>\n\n\n\n<p>La Jornada contar\u00e1 con la participaci\u00f3n de la T\u00e9cnica en Psicogerontolog\u00eda Iris Mart\u00ednez; la T\u00e9cnica en Psicogerontolog\u00eda y Licenciada en Gerontolog\u00eda Mar\u00eda Agustina Leites; el Terapista Ocupacional Leonardo Joannas, el Licenciado en Psicolog\u00eda Sergio Sosa y la Neur\u00f3loga Mar\u00eda Florencia Teves Echaz\u00fa.<\/p>\n\n\n\n<p>La actividad es gratuita y se entregar\u00e1n certificados de asistencia.<\/p>\n\n\n\n<p>Formulario de inscripci\u00f3n: <a href=\"https:\/\/l.facebook.com\/l.php?u=https%3A%2F%2Fforms.gle%2FmXWyqfpkyWZAEiun8%3Ffbclid%3DIwZXh0bgNhZW0CMTAAAR0_q8WhhQ4hMybb7Ba1ao1ghhg6_FAOOvR-YJo3LjUcQSKJ5Vn6W8-Ntb8_aem_VgRBXyhXbXG6MzpJaVEdxQ&amp;h=AT0p4aTHPKWaD2_diTAFxypFfyLjskn-nAJn2bfG53YkEzMhMNpfNTQ_-wD34j2bzYJye1qCdNDtvvpd5-hv7xp1p38Kn5N_12fAJUIfrOeqlSW4v_-wYc8nNqMeSgPtbmbH&amp;__tn__=-UK-R&amp;c[0]=AT08Zi4h5LGXD24iT9ZuZJzZcBacG8Ltoq8ffwQXLURBQYqfc0bLGKrWTU2TGel3qpHbxyAmDB4H0K6guMEsI9MdRtWwK2AYR6grG8a9fnIWXbn88MLaapvDIwpOTxiSXs9Tx-KNJWOQsaLzz9XpI50-jSZLa9iZXT5ci6ByDn47-UMwHuAv1fjyoTiEnruFIZUkCQYYVQcu_keZwf6ddf0EAfIHJrbJsn61rhw-7Ow\" target=\"_blank\" rel=\"noreferrer noopener\">https:\/\/forms.gle\/mXWyqfpkyWZAEiun8<\/a><\/p>\n\n\n\n<p><\/p>\n\n\n\n<p><\/p>\n","protected":false},"excerpt":{"rendered":"<p>El pr\u00f3ximo jueves 19 de septiembre de2024 desde las 15:30 horass en el Sal\u00f3n del Sindicato de Embarcados (3 de febrero 119 de Concepci\u00f3n del Uruguay) se llevar\u00e1 a cabo la Jornada de capacitaci\u00f3n sobre la enfermedad de Alzheimer \u201cMientras muchos se esfuerza por olvidar, otros luchan por recordar\u201d. El evento es organizado desde la [&hellip;]<\/p>\n","protected":false},"author":3,"featured_media":7862,"comment_status":"closed","ping_status":"closed","sticky":false,"template":"","format":"standard","meta":{"_jetpack_memberships_contains_paid_content":false,"footnotes":"","jetpack_publicize_message":"","jetpack_publicize_feature_enabled":true,"jetpack_social_post_already_shared":true,"jetpack_social_options":{"image_generator_settings":{"template":"highway","default_image_id":0,"enabled":false},"version":2}},"categories":[174],"tags":[60,2285],"class_list":["post-7861","post","type-post","status-publish","format-standard","has-post-thumbnail","hentry","category-cultura","tag-60","tag-capacitacion-alzheimer"],"jetpack_publicize_connections":[],"jetpack_featured_media_url":"https:\/\/3260.com.ar\/web\/wp-content\/uploads\/2024\/09\/Alzheimer-2024.jpg","jetpack_sharing_enabled":true,"_links":{"self":[{"href":"https:\/\/3260.com.ar\/web\/wp-json\/wp\/v2\/posts\/7861","targetHints":{"allow":["GET"]}}],"collection":[{"href":"https:\/\/3260.com.ar\/web\/wp-json\/wp\/v2\/posts"}],"about":[{"href":"https:\/\/3260.com.ar\/web\/wp-json\/wp\/v2\/types\/post"}],"author":[{"embeddable":true,"href":"https:\/\/3260.com.ar\/web\/wp-json\/wp\/v2\/users\/3"}],"replies":[{"embeddable":true,"href":"https:\/\/3260.com.ar\/web\/wp-json\/wp\/v2\/comments?post=7861"}],"version-history":[{"count":1,"href":"https:\/\/3260.com.ar\/web\/wp-json\/wp\/v2\/posts\/7861\/revisions"}],"predecessor-version":[{"id":7863,"href":"https:\/\/3260.com.ar\/web\/wp-json\/wp\/v2\/posts\/7861\/revisions\/7863"}],"wp:featuredmedia":[{"embeddable":true,"href":"https:\/\/3260.com.ar\/web\/wp-json\/wp\/v2\/media\/7862"}],"wp:attachment":[{"href":"https:\/\/3260.com.ar\/web\/wp-json\/wp\/v2\/media?parent=7861"}],"wp:term":[{"taxonomy":"category","embeddable":true,"href":"https:\/\/3260.com.ar\/web\/wp-json\/wp\/v2\/categories?post=7861"},{"taxonomy":"post_tag","embeddable":true,"href":"https:\/\/3260.com.ar\/web\/wp-json\/wp\/v2\/tags?post=7861"}],"curies":[{"name":"wp","href":"https:\/\/api.w.org\/{rel}","templated":true}]}}