{"id":7879,"date":"2024-09-15T22:11:35","date_gmt":"2024-09-16T01:11:35","guid":{"rendered":"https:\/\/3260.com.ar\/web\/?p=7879"},"modified":"2024-09-14T22:13:55","modified_gmt":"2024-09-15T01:13:55","slug":"leyenda-del-ceibo","status":"publish","type":"post","link":"https:\/\/3260.com.ar\/web\/leyenda-del-ceibo\/","title":{"rendered":"LEYENDA DEL CEIBO"},"content":{"rendered":"\n<p>Cuentan que exist\u00eda una joven originaria llamada Anah\u00ed, que viv\u00eda a las orillas del Paran\u00e1, y a diferencia de otras leyendas t\u00edpicas, a ella no se la conoc\u00eda por ser bella, sino todo lo contrario, era fea. Pero su don estaba en la m\u00fasica, pues cuentan que por las tardes sab\u00eda deleitar con su voz a la gente del lugar, que se reun\u00eda para escuchar las alabanzas a sus dioses y tambi\u00e9n expresar su amor por la tierra.<\/p>\n\n\n\n<p>No obstante, llegaron los invasores, una bravucones espa\u00f1oles, arrasando con su tierra y su tradici\u00f3n, llev\u00e1ndose cautiva gente para esclavizar siendo Anah\u00ed una de las cautivas.<\/p>\n\n\n\n<p>Fue mucha su tristeza, tanta que dicen que se o\u00eda su llanto por las noches hasta muchas leguas, pues era tan libre como un ave, que ahora no pod\u00eda cantar, su voz se hab\u00eda apagado de tanta nostalgia y penuria.<\/p>\n\n\n\n<p>Pasaba horas, planeando como escapar, hasta que una noche, cuando el guardia fue vencido por el cansancio y sue\u00f1o, Anah\u00ed intent\u00f3 escapar, pero el centinela despert\u00f3 justo cuando lo estaba logrando, y quiso detenerla, mas no lo logro, la joven, con su esp\u00edritu salvaje y rebelde, ahogada en su estado prisionero, le clav\u00f3 un pu\u00f1al en el pecho y escap\u00f3 a la selva.<\/p>\n\n\n\n<p>Los gritos del centinela, lograron percatar a los dem\u00e1s carceleros que algo estaba sucediendo y al ver que faltaba Anah\u00ed, salieron a buscarla, tal, como qui\u00e9n sale a cazar un animal. Eran tantos y con armas, que lograron alcanzarla, llevarla por la fuerza y condenarla a la hoguera.<\/p>\n\n\n\n<p>La sorpresa invadi\u00f3 a aquellos invasores, pues cuando prendieron el fuego, las llamas que con lentitud llegaban a la doncella, que sufr\u00eda en silencio y mirando hacia un costado, iban formando en Anah\u00ed un inmenso \u00e1rbol.<\/p>\n\n\n\n<p>El asombro fue mayor al amanecer del d\u00eda siguiente, con los primeros rayos del sol, los conquistadores, vieron las flores rojas aterciopaladas en aquel \u00e1rbol verde resplandeciente, dejando as\u00ed la se\u00f1al eterna de la lucha de un pueblo que se mantuvo firme ante la adversidad\u2026 y as\u00ed naci\u00f3 la leyenda del ceibo!<\/p>\n\n\n\n<p class=\"has-text-align-right has-small-font-size\">Fuente: <a href=\"https:\/\/www.facebook.com\/archivo.entrerios?__cft__[0]=AZVokfbkSCpvFZGhGx1kXSlqPvGzy3zZM7ZDzzyEAVuTKhv_byZK3Sxq5RM_lEyoYXy04usuJN4N8BN1MNgF21ddt239UUli6Qh8lV5XwOlHEJjHwi9xbpJJdpepkUw2r_WOjf2VgP6pYMnYFcOgnSg77LxER0qIAOADNxAzFRWIpJ32738L4_XL2oIR58AonMY&amp;__tn__=-UC%2CP-R\"><strong>Archivo Entre R\u00edos<\/strong><\/a><\/p>\n\n\n\n<p><\/p>\n","protected":false},"excerpt":{"rendered":"<p>Cuentan que exist\u00eda una joven originaria llamada Anah\u00ed, que viv\u00eda a las orillas del Paran\u00e1, y a diferencia de otras leyendas t\u00edpicas, a ella no se la conoc\u00eda por ser bella, sino todo lo contrario, era fea. Pero su don estaba en la m\u00fasica, pues cuentan que por las tardes sab\u00eda deleitar con su voz [&hellip;]<\/p>\n","protected":false},"author":3,"featured_media":7880,"comment_status":"closed","ping_status":"closed","sticky":false,"template":"","format":"standard","meta":{"_jetpack_memberships_contains_paid_content":false,"footnotes":"","jetpack_publicize_message":"","jetpack_publicize_feature_enabled":true,"jetpack_social_post_already_shared":true,"jetpack_social_options":{"image_generator_settings":{"template":"highway","default_image_id":0,"enabled":false},"version":2}},"categories":[174],"tags":[60,2289],"class_list":["post-7879","post","type-post","status-publish","format-standard","has-post-thumbnail","hentry","category-cultura","tag-60","tag-leyenda-el-ceibo"],"jetpack_publicize_connections":[],"jetpack_featured_media_url":"https:\/\/3260.com.ar\/web\/wp-content\/uploads\/2024\/09\/Ceibo.jpg","jetpack_sharing_enabled":true,"_links":{"self":[{"href":"https:\/\/3260.com.ar\/web\/wp-json\/wp\/v2\/posts\/7879","targetHints":{"allow":["GET"]}}],"collection":[{"href":"https:\/\/3260.com.ar\/web\/wp-json\/wp\/v2\/posts"}],"about":[{"href":"https:\/\/3260.com.ar\/web\/wp-json\/wp\/v2\/types\/post"}],"author":[{"embeddable":true,"href":"https:\/\/3260.com.ar\/web\/wp-json\/wp\/v2\/users\/3"}],"replies":[{"embeddable":true,"href":"https:\/\/3260.com.ar\/web\/wp-json\/wp\/v2\/comments?post=7879"}],"version-history":[{"count":1,"href":"https:\/\/3260.com.ar\/web\/wp-json\/wp\/v2\/posts\/7879\/revisions"}],"predecessor-version":[{"id":7881,"href":"https:\/\/3260.com.ar\/web\/wp-json\/wp\/v2\/posts\/7879\/revisions\/7881"}],"wp:featuredmedia":[{"embeddable":true,"href":"https:\/\/3260.com.ar\/web\/wp-json\/wp\/v2\/media\/7880"}],"wp:attachment":[{"href":"https:\/\/3260.com.ar\/web\/wp-json\/wp\/v2\/media?parent=7879"}],"wp:term":[{"taxonomy":"category","embeddable":true,"href":"https:\/\/3260.com.ar\/web\/wp-json\/wp\/v2\/categories?post=7879"},{"taxonomy":"post_tag","embeddable":true,"href":"https:\/\/3260.com.ar\/web\/wp-json\/wp\/v2\/tags?post=7879"}],"curies":[{"name":"wp","href":"https:\/\/api.w.org\/{rel}","templated":true}]}}