{"id":7912,"date":"2024-09-24T12:05:26","date_gmt":"2024-09-24T15:05:26","guid":{"rendered":"https:\/\/3260.com.ar\/web\/?p=7912"},"modified":"2024-09-22T12:40:13","modified_gmt":"2024-09-22T15:40:13","slug":"festividades-judias","status":"publish","type":"post","link":"https:\/\/3260.com.ar\/web\/festividades-judias\/","title":{"rendered":"FESTIVIDADES JUD\u00cdAS"},"content":{"rendered":"\n<p>La colectividad atraviesa el a\u00f1o 5784, que concluir\u00e1 en octubre con Rosh Hashan\u00e1; qu\u00e9 d\u00eda ser\u00e1 P\u00e9saj, el A\u00f1o Nuevo jud\u00edo, Iom Kipur y otras celebraciones religiosas.<\/p>\n\n\n\n<p>EL d\u00eda de\u00a0<strong>Rosh Hashan\u00e1\u00a0<\/strong>es el\u00a0<strong>D\u00eda del Perd\u00f3n<\/strong>\u00a0o\u00a0<strong>Iom Kipur<\/strong>, donde los jud\u00edos piden disculpas por las ofensas cometidas a sus pares. En 2024, la fiesta ocupar\u00e1 los d\u00edas viernes 11 y s\u00e1bado 12 de octubre. Es uno de los d\u00edas m\u00e1s solemnes de la religi\u00f3n jud\u00eda, e incluye un ayuno de 24 horas destinado a alejar las preocupaciones f\u00edsicas y concentrarse plenamente en las espirituales.<\/p>\n\n\n\n<p>Cuatro d\u00edas despu\u00e9s comenzar\u00e1 el&nbsp;<strong>Sucot<\/strong>, fiesta que se extiende por ocho d\u00edas, donde los jud\u00edos deben comer a la intemperie para recordar los 40 a\u00f1os que su pueblo vag\u00f3 por el desierto luego de ser liberado por&nbsp;<strong>Mois\u00e9s<\/strong>. En 2024, la fiesta se extender\u00e1 entre el 16 y el 23 de octubre, aunque no est\u00e1 consagrado como un&nbsp;<strong>d\u00eda no laborable<\/strong>. En el octavo d\u00eda del&nbsp;<strong>Sucot<\/strong>, los jud\u00edos celebran el&nbsp;<strong>Simjat Tor\u00e1<\/strong>, traducido como \u201cregocijo en la Tor\u00e1\u201d, en la que los jud\u00edos terminan la lectura de la Tor\u00e1, su texto sagrado, antes de comenzarla nuevamente.<\/p>\n\n\n\n<p>M\u00e1s adelante, el 25 de diciembre, Januc\u00e1 llegar\u00e1 en el calendario hebreo. Esta fiesta, que<strong>&nbsp;dura ocho d\u00edas, reafirma los ideales del juda\u00edsmo<\/strong>&nbsp;al conmemorar la victoria de los macabeos sobre las fuerzas sirias y la dedicaci\u00f3n del Templo de Jerusal\u00e9n. Aunque es una fecha con importancia capital para este pueblo, no contiene d\u00edas no laborables en nuestro pa\u00eds. De todas formas, al caer con la&nbsp;<strong>Navidad cristiana<\/strong>, comenzar\u00e1 en d\u00eda&nbsp;<strong>feriado<\/strong>&nbsp;en 2024 y se extender\u00e1 hasta el 2 de enero de 2025.<\/p>\n\n\n\n<h2 class=\"wp-block-heading\">Cu\u00e1ndo son los feriados jud\u00edos 2024<\/h2>\n\n\n\n<ul class=\"wp-block-list\">\n<li>Lunes 22 y martes 23 de abril \/ lunes 29 y martes 30:\u00a0<strong>P\u00e9saj<\/strong>\u00a0(no laborable)<\/li>\n\n\n\n<li>Mi\u00e9rcoles 2 y viernes 4 de octubre:\u00a0<strong>Rosh Hashan\u00e1<\/strong>\u00a0(no laborable)<\/li>\n\n\n\n<li>Viernes 11 y s\u00e1bado 12 de octubre:<strong>\u00a0Iom Kipur<\/strong>\u00a0(no laborable)<\/li>\n\n\n\n<li>Mi\u00e9rcoles 16 y mi\u00e9rcoles 23 de octubre:\u00a0<strong>Sucot<\/strong><\/li>\n\n\n\n<li>Jueves 24 y viernes 25 de octubre:\u00a0<strong>Simjat Tor\u00e1<\/strong><\/li>\n\n\n\n<li>Mi\u00e9rcoles 25 de diciembre al jueves 2 de enero:\u00a0<strong>Januc\u00e1<\/strong><\/li>\n\n\n\n<li>\n<ul class=\"wp-block-list\">\n<li class=\"has-small-font-size\">                                                                                                                                                                      Fuente: La Naci\u00f3n<\/li>\n<\/ul>\n<\/li>\n<\/ul>\n\n\n\n<p><\/p>\n","protected":false},"excerpt":{"rendered":"<p>La colectividad atraviesa el a\u00f1o 5784, que concluir\u00e1 en octubre con Rosh Hashan\u00e1; qu\u00e9 d\u00eda ser\u00e1 P\u00e9saj, el A\u00f1o Nuevo jud\u00edo, Iom Kipur y otras celebraciones religiosas. EL d\u00eda de\u00a0Rosh Hashan\u00e1\u00a0es el\u00a0D\u00eda del Perd\u00f3n\u00a0o\u00a0Iom Kipur, donde los jud\u00edos piden disculpas por las ofensas cometidas a sus pares. En 2024, la fiesta ocupar\u00e1 los d\u00edas viernes [&hellip;]<\/p>\n","protected":false},"author":3,"featured_media":7913,"comment_status":"closed","ping_status":"closed","sticky":false,"template":"","format":"standard","meta":{"_jetpack_memberships_contains_paid_content":false,"footnotes":"","jetpack_publicize_message":"","jetpack_publicize_feature_enabled":true,"jetpack_social_post_already_shared":true,"jetpack_social_options":{"image_generator_settings":{"template":"highway","default_image_id":0,"enabled":false},"version":2}},"categories":[174],"tags":[60,2296],"class_list":["post-7912","post","type-post","status-publish","format-standard","has-post-thumbnail","hentry","category-cultura","tag-60","tag-festividades-judias"],"jetpack_publicize_connections":[],"jetpack_featured_media_url":"https:\/\/3260.com.ar\/web\/wp-content\/uploads\/2024\/09\/Rosh-Hashana.jpg","jetpack_sharing_enabled":true,"_links":{"self":[{"href":"https:\/\/3260.com.ar\/web\/wp-json\/wp\/v2\/posts\/7912","targetHints":{"allow":["GET"]}}],"collection":[{"href":"https:\/\/3260.com.ar\/web\/wp-json\/wp\/v2\/posts"}],"about":[{"href":"https:\/\/3260.com.ar\/web\/wp-json\/wp\/v2\/types\/post"}],"author":[{"embeddable":true,"href":"https:\/\/3260.com.ar\/web\/wp-json\/wp\/v2\/users\/3"}],"replies":[{"embeddable":true,"href":"https:\/\/3260.com.ar\/web\/wp-json\/wp\/v2\/comments?post=7912"}],"version-history":[{"count":2,"href":"https:\/\/3260.com.ar\/web\/wp-json\/wp\/v2\/posts\/7912\/revisions"}],"predecessor-version":[{"id":7915,"href":"https:\/\/3260.com.ar\/web\/wp-json\/wp\/v2\/posts\/7912\/revisions\/7915"}],"wp:featuredmedia":[{"embeddable":true,"href":"https:\/\/3260.com.ar\/web\/wp-json\/wp\/v2\/media\/7913"}],"wp:attachment":[{"href":"https:\/\/3260.com.ar\/web\/wp-json\/wp\/v2\/media?parent=7912"}],"wp:term":[{"taxonomy":"category","embeddable":true,"href":"https:\/\/3260.com.ar\/web\/wp-json\/wp\/v2\/categories?post=7912"},{"taxonomy":"post_tag","embeddable":true,"href":"https:\/\/3260.com.ar\/web\/wp-json\/wp\/v2\/tags?post=7912"}],"curies":[{"name":"wp","href":"https:\/\/api.w.org\/{rel}","templated":true}]}}