{"id":7974,"date":"2024-10-02T15:08:38","date_gmt":"2024-10-02T18:08:38","guid":{"rendered":"https:\/\/3260.com.ar\/web\/?p=7974"},"modified":"2024-10-02T15:08:40","modified_gmt":"2024-10-02T18:08:40","slug":"cooperativas-y-emprendedores-de-la-economia-social","status":"publish","type":"post","link":"https:\/\/3260.com.ar\/web\/cooperativas-y-emprendedores-de-la-economia-social\/","title":{"rendered":"COOPERATIVAS Y EMPRENDEDORES DE LA ECONOMIA SOCIAL"},"content":{"rendered":"\n<p>El IPCYMER (Instituto de Cooperativas y Mutualidades de Entre R\u00edos) est\u00e1 recorriendo algunas ciudades de la Provincia. En esta oportunidad  visitar\u00e1 Rosario del Tala.<\/p>\n\n\n\n<p>Ser\u00e1 el jueves 3 de octubre de 2024 desde las 11hs, en la Escuela N\u00b0 1 \u00abOnesimo Leguizamon\u00bb -Roque Saenz Pe\u00f1a 366- de Rosario del Tala. <\/p>\n\n\n\n<p>La Presidente del IPCYMER  Mar\u00eda Laura Renoldi junto a funcionarios y referentes del mencionado Instituto estar\u00e1n disertando y contando c\u00f3mo se viene trabajando en conjunto con la Direccion de Economia Social de la Provincia.  A la vez de acercar Metodologias, Programas y Beneficios para ambos sectores.<\/p>\n","protected":false},"excerpt":{"rendered":"<p>El IPCYMER (Instituto de Cooperativas y Mutualidades de Entre R\u00edos) est\u00e1 recorriendo algunas ciudades de la Provincia. En esta oportunidad visitar\u00e1 Rosario del Tala. Ser\u00e1 el jueves 3 de octubre de 2024 desde las 11hs, en la Escuela N\u00b0 1 \u00abOnesimo Leguizamon\u00bb -Roque Saenz Pe\u00f1a 366- de Rosario del Tala. La Presidente del IPCYMER Mar\u00eda [&hellip;]<\/p>\n","protected":false},"author":3,"featured_media":7975,"comment_status":"closed","ping_status":"closed","sticky":false,"template":"","format":"standard","meta":{"_jetpack_memberships_contains_paid_content":false,"footnotes":"","jetpack_publicize_message":"","jetpack_publicize_feature_enabled":true,"jetpack_social_post_already_shared":true,"jetpack_social_options":{"image_generator_settings":{"template":"highway","default_image_id":0,"enabled":false},"version":2}},"categories":[174],"tags":[60,1780,2313,708,1141],"class_list":["post-7974","post","type-post","status-publish","format-standard","has-post-thumbnail","hentry","category-cultura","tag-60","tag-cooperativa-de-trabajo-9-de-octubre-limitada","tag-cooperativismo-entre-rios","tag-ipcymer","tag-rosario-del-tala"],"jetpack_publicize_connections":[],"jetpack_featured_media_url":"https:\/\/3260.com.ar\/web\/wp-content\/uploads\/2024\/10\/Ipcymer3oct24.jpg","jetpack_sharing_enabled":true,"_links":{"self":[{"href":"https:\/\/3260.com.ar\/web\/wp-json\/wp\/v2\/posts\/7974","targetHints":{"allow":["GET"]}}],"collection":[{"href":"https:\/\/3260.com.ar\/web\/wp-json\/wp\/v2\/posts"}],"about":[{"href":"https:\/\/3260.com.ar\/web\/wp-json\/wp\/v2\/types\/post"}],"author":[{"embeddable":true,"href":"https:\/\/3260.com.ar\/web\/wp-json\/wp\/v2\/users\/3"}],"replies":[{"embeddable":true,"href":"https:\/\/3260.com.ar\/web\/wp-json\/wp\/v2\/comments?post=7974"}],"version-history":[{"count":1,"href":"https:\/\/3260.com.ar\/web\/wp-json\/wp\/v2\/posts\/7974\/revisions"}],"predecessor-version":[{"id":7976,"href":"https:\/\/3260.com.ar\/web\/wp-json\/wp\/v2\/posts\/7974\/revisions\/7976"}],"wp:featuredmedia":[{"embeddable":true,"href":"https:\/\/3260.com.ar\/web\/wp-json\/wp\/v2\/media\/7975"}],"wp:attachment":[{"href":"https:\/\/3260.com.ar\/web\/wp-json\/wp\/v2\/media?parent=7974"}],"wp:term":[{"taxonomy":"category","embeddable":true,"href":"https:\/\/3260.com.ar\/web\/wp-json\/wp\/v2\/categories?post=7974"},{"taxonomy":"post_tag","embeddable":true,"href":"https:\/\/3260.com.ar\/web\/wp-json\/wp\/v2\/tags?post=7974"}],"curies":[{"name":"wp","href":"https:\/\/api.w.org\/{rel}","templated":true}]}}