{"id":8233,"date":"2024-11-22T00:00:00","date_gmt":"2024-11-22T03:00:00","guid":{"rendered":"https:\/\/3260.com.ar\/web\/?p=8233"},"modified":"2024-11-21T12:58:59","modified_gmt":"2024-11-21T15:58:59","slug":"fiesta-nacional-del-lago-2025","status":"publish","type":"post","link":"https:\/\/3260.com.ar\/web\/fiesta-nacional-del-lago-2025\/","title":{"rendered":"FIESTA NACIONAL DEL LAGO 2025"},"content":{"rendered":"\n<p>La 41\u00ba Edici\u00f3n de la Fiesta Nacional DEL LAGO, se desarrollar\u00e1 entre el 9 y 12 de enero de 2025 en el anfiteatro \u00abJuancho Garcilazo\u00bb de la norte\u00f1a ciudad de Federaci\u00f3n.<\/p>\n\n\n\n<p>Bajo el lema \u00abFEDERACI\u00d3N TE ENAMORA\u00bb, se realizar\u00e1 esta fiesta que ofrece como artistas convocantes con entrada gratuita el d\u00eda inicial no as\u00ed el resto de las noches.  La grilla que sigue refiere \u00fanicamente al n\u00famero principal:<\/p>\n\n\n\n<ul class=\"wp-block-list\">\n<li>Jueves 9 de enero de 2025: LOS PALMAE. Entrada gratis<\/li>\n\n\n\n<li>Viernes 10 de enero de 2025: NAHUEL PENNISI. <\/li>\n\n\n\n<li>S\u00e1bado 11 de enero de 2025: LA BERISSO<\/li>\n\n\n\n<li>Domingo 12 de enero de 2025: VALENTINO MERLO<\/li>\n\n\n\n<li>Ampliaremos.<\/li>\n<\/ul>\n","protected":false},"excerpt":{"rendered":"<p>La 41\u00ba Edici\u00f3n de la Fiesta Nacional DEL LAGO, se desarrollar\u00e1 entre el 9 y 12 de enero de 2025 en el anfiteatro \u00abJuancho Garcilazo\u00bb de la norte\u00f1a ciudad de Federaci\u00f3n. Bajo el lema \u00abFEDERACI\u00d3N TE ENAMORA\u00bb, se realizar\u00e1 esta fiesta que ofrece como artistas convocantes con entrada gratuita el d\u00eda inicial no as\u00ed el [&hellip;]<\/p>\n","protected":false},"author":3,"featured_media":8234,"comment_status":"closed","ping_status":"closed","sticky":false,"template":"","format":"standard","meta":{"_jetpack_memberships_contains_paid_content":false,"footnotes":"","jetpack_publicize_message":"","jetpack_publicize_feature_enabled":true,"jetpack_social_post_already_shared":true,"jetpack_social_options":{"image_generator_settings":{"template":"highway","default_image_id":0,"enabled":false},"version":2}},"categories":[175],"tags":[60,2377,1962],"class_list":["post-8233","post","type-post","status-publish","format-standard","has-post-thumbnail","hentry","category-turismo","tag-60","tag-federacion-te-enamora","tag-fiesta-nacional-del-lago"],"jetpack_publicize_connections":[],"jetpack_featured_media_url":"https:\/\/3260.com.ar\/web\/wp-content\/uploads\/2024\/11\/Fiesta-del-lago2025.jpg","jetpack_sharing_enabled":true,"_links":{"self":[{"href":"https:\/\/3260.com.ar\/web\/wp-json\/wp\/v2\/posts\/8233","targetHints":{"allow":["GET"]}}],"collection":[{"href":"https:\/\/3260.com.ar\/web\/wp-json\/wp\/v2\/posts"}],"about":[{"href":"https:\/\/3260.com.ar\/web\/wp-json\/wp\/v2\/types\/post"}],"author":[{"embeddable":true,"href":"https:\/\/3260.com.ar\/web\/wp-json\/wp\/v2\/users\/3"}],"replies":[{"embeddable":true,"href":"https:\/\/3260.com.ar\/web\/wp-json\/wp\/v2\/comments?post=8233"}],"version-history":[{"count":1,"href":"https:\/\/3260.com.ar\/web\/wp-json\/wp\/v2\/posts\/8233\/revisions"}],"predecessor-version":[{"id":8235,"href":"https:\/\/3260.com.ar\/web\/wp-json\/wp\/v2\/posts\/8233\/revisions\/8235"}],"wp:featuredmedia":[{"embeddable":true,"href":"https:\/\/3260.com.ar\/web\/wp-json\/wp\/v2\/media\/8234"}],"wp:attachment":[{"href":"https:\/\/3260.com.ar\/web\/wp-json\/wp\/v2\/media?parent=8233"}],"wp:term":[{"taxonomy":"category","embeddable":true,"href":"https:\/\/3260.com.ar\/web\/wp-json\/wp\/v2\/categories?post=8233"},{"taxonomy":"post_tag","embeddable":true,"href":"https:\/\/3260.com.ar\/web\/wp-json\/wp\/v2\/tags?post=8233"}],"curies":[{"name":"wp","href":"https:\/\/api.w.org\/{rel}","templated":true}]}}