{"id":8300,"date":"2024-12-07T11:09:06","date_gmt":"2024-12-07T14:09:06","guid":{"rendered":"https:\/\/3260.com.ar\/web\/?p=8300"},"modified":"2024-12-07T11:09:06","modified_gmt":"2024-12-07T14:09:06","slug":"8-de-diciembre-dia-patronal-de-concepcion-del-uruguay","status":"publish","type":"post","link":"https:\/\/3260.com.ar\/web\/8-de-diciembre-dia-patronal-de-concepcion-del-uruguay\/","title":{"rendered":"8 DE DICIEMBRE DIA PATRONAL DE CONCEPCI\u00d3N DEL URUGUAY"},"content":{"rendered":"\n<p>La Capital Hist\u00f3rica de Entre R\u00edos celebrar\u00e1 un nuevo d\u00eda de fiesta patronal en conmemoraci\u00f3n a la INMACULADA CONCEPCI\u00d3N DE MARIA. <\/p>\n\n\n\n<p>Con la llegada de un nuevo 8 de diciembre, decenas de miles de fieles cat\u00f3licos se congregar\u00e1n para seguir expresando su fe en la tradicional peregrinaci\u00f3n que iniciar\u00e1 a las 19 hs para finalizar entorno de la Bas\u00edlica y de la imagen de la virgen Mar\u00eda para ofrendar su fe.<\/p>\n\n\n\n<p>Un poco de historia, texto extra\u00eddo de la p\u00e1gina&nbsp;<a href=\"https:\/\/concepcionhistoriayturismo.com\/basilica-de-la-inmaculada-concepcion\/\">https:\/\/concepcionhistoriayhttps:\/\/concepcionhistoriayturismo.com\/basilica-de-la-inmaculada-concepcion\/turismo.com\/basilica-de-la-inmaculada-concepcion\/<\/a><\/p>\n\n\n\n<p>El templo original que hab\u00eda sido construido, posiblemente entre los a\u00f1os 1790 y 1800, fue casi totalmente destruido por un incendio en la noche del 1 de noviembre de 1849. Durante muchos a\u00f1os, casi diez, la parroquia funcion\u00f3 en dependencias cedidas por el Colegio del Uruguay, en el ala sur del nuevo edificio.<\/p>\n\n\n\n<p>Ya desde 1854 se tienen referencias de tratativas llevadas a cabo por el cura de la ciudad, Gregorio C\u00e9spedes y Calvento quien hab\u00eda interesados para la construcci\u00f3n de un nuevo templo al Arq. Esteban Dellepiane, pero esas gestiones no prosperaron, as\u00ed que hubo que esperar hasta el a\u00f1o 1857, para que el general Urquiza, presidente de la Confederaci\u00f3n, informara al p\u00e1rroco Domingo Ere\u00f1o que hab\u00eda encargado el proyecto de construcci\u00f3n del nuevo templo al Arquitecto italiano Pedro Fossati, el mismo elabor\u00f3 los planos y presupuest\u00f3 la obra en 156.000 pesos fuertes, presupuesto que fuera aprobado por una Comisi\u00f3n creada a ese efecto.<\/p>\n\n\n\n<p>En febrero se firma el contrato con el Arq. Fossati, que entre otras cosas se compromet\u00eda a terminar la obra en 18 meses y se especificaba que en el contrato no estaban incluidos \u201clos altares, torre y casa del cura\u201d. El 27 de abril Fossati al mando de aproximadamente 40 operarios comenz\u00f3 la apertura de los cimientos coloc\u00e1ndose la Piedra Fundamental el 8 de diciembre de 1857.<\/p>\n\n\n\n<p>Finalmente la obra fue construida en 18 meses, y fue consagrada el 25 de marzo de 1859 por el Nuncio Apost\u00f3lico, monse\u00f1or Marino Marini, contando con la presencia del general Justo Jos\u00e9 de Urquiza (Presidente de la Confederaci\u00f3n Argentina), quien desde las escalinatas de la parroquia expres\u00f3 \u201cAqu\u00ed se dio el primer grito de libertad y organizaci\u00f3n que inici\u00f3 tan grande para la rep\u00fablica, aqu\u00ed edifiquemos el primer templo: Es un baluarte m\u00e1s de los principios que sostenemos y que hemos hecho triunfar\u201d.<\/p>\n\n\n\n<p>En el a\u00f1o 1949 fueron agregadas las 2 torres campanario. Desde 1871 alberga los restos del general Justo Jos\u00e9&nbsp; Urquiza, quienes desde 1967 se encuentran, junto con los de sus padres y esposa Dolores Costa en un mausoleo que fuera inaugurado en el a\u00f1o 1967 con la presencia del Presidente (de facto) de la Naci\u00f3n, Juan Carlos Ongan\u00eda.<\/p>\n\n\n\n<p>El costo de la construcci\u00f3n de la parroquia fue afrontado, en parte, a trav\u00e9s de las ganancias de las Estancias del Estado, mientras que los altares, los ornamentos y los objetos del culto fueron donados por el general Urquiza. En los \u00faltimos a\u00f1os fue puesta en valor totalmente y se incorporaron en la c\u00fapula pinturas que muestra diferentes escenas religiosas con un estilo moderno.<\/p>\n\n\n\n<p>Fue declarada Monumento Hist\u00f3rico Nacional por el Decreto N\u00ba 112.765 de septiembre de 1942, este Decreto lleva la firma del Vicepresidente en ejercicio del Poder Ejecutivo Ram\u00f3n S. Castillo.<\/p>\n\n\n\n<figure class=\"wp-block-image\"><img decoding=\"async\" src=\"blob:https:\/\/3260.com.ar\/be7db98f-737a-4548-af93-50e1a9f589cc\" alt=\"\"\/><\/figure>\n","protected":false},"excerpt":{"rendered":"<p>La Capital Hist\u00f3rica de Entre R\u00edos celebrar\u00e1 un nuevo d\u00eda de fiesta patronal en conmemoraci\u00f3n a la INMACULADA CONCEPCI\u00d3N DE MARIA. Con la llegada de un nuevo 8 de diciembre, decenas de miles de fieles cat\u00f3licos se congregar\u00e1n para seguir expresando su fe en la tradicional peregrinaci\u00f3n que iniciar\u00e1 a las 19 hs para finalizar [&hellip;]<\/p>\n","protected":false},"author":3,"featured_media":6330,"comment_status":"closed","ping_status":"closed","sticky":false,"template":"","format":"standard","meta":{"_jetpack_memberships_contains_paid_content":false,"footnotes":"","jetpack_publicize_message":"","jetpack_publicize_feature_enabled":true,"jetpack_social_post_already_shared":true,"jetpack_social_options":{"image_generator_settings":{"template":"highway","default_image_id":0,"enabled":false},"version":2}},"categories":[174],"tags":[60,2398,1946,894],"class_list":["post-8300","post","type-post","status-publish","format-standard","has-post-thumbnail","hentry","category-cultura","tag-60","tag-8-de-diciembre","tag-fiesta-patronal","tag-inmaculada-concepcion"],"jetpack_publicize_connections":[],"jetpack_featured_media_url":"https:\/\/3260.com.ar\/web\/wp-content\/uploads\/2023\/12\/Basilica-Inmaculada.jpg","jetpack_sharing_enabled":true,"_links":{"self":[{"href":"https:\/\/3260.com.ar\/web\/wp-json\/wp\/v2\/posts\/8300","targetHints":{"allow":["GET"]}}],"collection":[{"href":"https:\/\/3260.com.ar\/web\/wp-json\/wp\/v2\/posts"}],"about":[{"href":"https:\/\/3260.com.ar\/web\/wp-json\/wp\/v2\/types\/post"}],"author":[{"embeddable":true,"href":"https:\/\/3260.com.ar\/web\/wp-json\/wp\/v2\/users\/3"}],"replies":[{"embeddable":true,"href":"https:\/\/3260.com.ar\/web\/wp-json\/wp\/v2\/comments?post=8300"}],"version-history":[{"count":2,"href":"https:\/\/3260.com.ar\/web\/wp-json\/wp\/v2\/posts\/8300\/revisions"}],"predecessor-version":[{"id":8303,"href":"https:\/\/3260.com.ar\/web\/wp-json\/wp\/v2\/posts\/8300\/revisions\/8303"}],"wp:featuredmedia":[{"embeddable":true,"href":"https:\/\/3260.com.ar\/web\/wp-json\/wp\/v2\/media\/6330"}],"wp:attachment":[{"href":"https:\/\/3260.com.ar\/web\/wp-json\/wp\/v2\/media?parent=8300"}],"wp:term":[{"taxonomy":"category","embeddable":true,"href":"https:\/\/3260.com.ar\/web\/wp-json\/wp\/v2\/categories?post=8300"},{"taxonomy":"post_tag","embeddable":true,"href":"https:\/\/3260.com.ar\/web\/wp-json\/wp\/v2\/tags?post=8300"}],"curies":[{"name":"wp","href":"https:\/\/api.w.org\/{rel}","templated":true}]}}