{"id":8352,"date":"2025-01-20T00:00:00","date_gmt":"2025-01-20T03:00:00","guid":{"rendered":"https:\/\/3260.com.ar\/web\/?p=8352"},"modified":"2025-01-16T17:47:29","modified_gmt":"2025-01-16T20:47:29","slug":"encuentro-nacional-de-maestros-rurales","status":"publish","type":"post","link":"https:\/\/3260.com.ar\/web\/encuentro-nacional-de-maestros-rurales\/","title":{"rendered":"ENCUENTRO NACIONAL DE MAESTROS RURALES"},"content":{"rendered":"\n<p>Del 20 al 24 de enero, la ciudad entrerriana de Federaci\u00f3n ser\u00e1 la sede de la 46\u00b0 edici\u00f3n del Encuentro Nacional de Maestros Rurales Argentinos. El evento, organizado por la delegaci\u00f3n Entre R\u00edos de la Asociaci\u00f3n de Maestros Rurales Argentinos (AMRA), busca generar un espacio de intercambio acad\u00e9mico y reflexi\u00f3n sobre la educaci\u00f3n en el \u00e1mbito rural.<\/p>\n\n\n\n<figure class=\"wp-block-image size-full is-resized\"><a href=\"https:\/\/3260.com.ar\/web\/wp-content\/uploads\/2024\/12\/image-17.png\"><img loading=\"lazy\" decoding=\"async\" width=\"800\" height=\"488\" src=\"https:\/\/3260.com.ar\/web\/wp-content\/uploads\/2024\/12\/image-17.png\" alt=\"\" class=\"wp-image-8354\" style=\"width:691px;height:auto\" srcset=\"https:\/\/3260.com.ar\/web\/wp-content\/uploads\/2024\/12\/image-17.png 800w, https:\/\/3260.com.ar\/web\/wp-content\/uploads\/2024\/12\/image-17-300x183.png 300w, https:\/\/3260.com.ar\/web\/wp-content\/uploads\/2024\/12\/image-17-768x468.png 768w\" sizes=\"auto, (max-width: 800px) 100vw, 800px\" \/><\/a><\/figure>\n\n\n\n<p>Durante el encuentro se abordar\u00e1n temas cruciales como la alfabetizaci\u00f3n en la era digital, la importancia del agua como recurso natural, el rol docente en la escuela rural, proyectos innovadores para escuelas plurigrado y las problem\u00e1ticas actuales en la educaci\u00f3n rural.<\/p>\n\n\n\n<p>Se llevar\u00e1n a cabo talleres y mesas de debate con el objetivo de desarrollar estrategias, metodolog\u00edas y materiales did\u00e1cticos espec\u00edficos para la educaci\u00f3n rural. El encuentro tambi\u00e9n ser\u00e1 una oportunidad para compartir experiencias docentes y hallazgos de investigaci\u00f3n.<\/p>\n\n\n\n<p>Tanto las C\u00e1maras de Senadores y Diputados de Entre R\u00edos, como la provincia de Buenos Aires han declarado este encuentro de Inter\u00e9s Educativo.<\/p>\n\n\n\n<p>Para obtener m\u00e1s informaci\u00f3n, los interesados pueden comunicarse con Alejandra Melgar al tel\u00e9fono 3456558028 o con Estela Lemos al 3446620164.<\/p>\n\n\n\n<figure class=\"wp-block-image size-full\"><a href=\"https:\/\/3260.com.ar\/web\/wp-content\/uploads\/2024\/12\/image-18.png\"><img loading=\"lazy\" decoding=\"async\" width=\"1000\" height=\"675\" src=\"https:\/\/3260.com.ar\/web\/wp-content\/uploads\/2024\/12\/image-18.png\" alt=\"\" class=\"wp-image-8355\" srcset=\"https:\/\/3260.com.ar\/web\/wp-content\/uploads\/2024\/12\/image-18.png 1000w, https:\/\/3260.com.ar\/web\/wp-content\/uploads\/2024\/12\/image-18-300x203.png 300w, https:\/\/3260.com.ar\/web\/wp-content\/uploads\/2024\/12\/image-18-768x518.png 768w\" sizes=\"auto, (max-width: 1000px) 100vw, 1000px\" \/><\/a><\/figure>\n","protected":false},"excerpt":{"rendered":"<p>Del 20 al 24 de enero, la ciudad entrerriana de Federaci\u00f3n ser\u00e1 la sede de la 46\u00b0 edici\u00f3n del Encuentro Nacional de Maestros Rurales Argentinos. El evento, organizado por la delegaci\u00f3n Entre R\u00edos de la Asociaci\u00f3n de Maestros Rurales Argentinos (AMRA), busca generar un espacio de intercambio acad\u00e9mico y reflexi\u00f3n sobre la educaci\u00f3n en el [&hellip;]<\/p>\n","protected":false},"author":3,"featured_media":8353,"comment_status":"closed","ping_status":"closed","sticky":false,"template":"","format":"standard","meta":{"_jetpack_memberships_contains_paid_content":false,"footnotes":"","jetpack_publicize_message":"","jetpack_publicize_feature_enabled":true,"jetpack_social_post_already_shared":true,"jetpack_social_options":{"image_generator_settings":{"template":"highway","default_image_id":0,"enabled":false},"version":2}},"categories":[176],"tags":[60,2409],"class_list":["post-8352","post","type-post","status-publish","format-standard","has-post-thumbnail","hentry","category-educacion","tag-60","tag-encuentro-nacional-de-maestros-rurales"],"jetpack_publicize_connections":[],"jetpack_featured_media_url":"https:\/\/3260.com.ar\/web\/wp-content\/uploads\/2024\/12\/Maestros-rurales-embarrados.jpg","jetpack_sharing_enabled":true,"_links":{"self":[{"href":"https:\/\/3260.com.ar\/web\/wp-json\/wp\/v2\/posts\/8352","targetHints":{"allow":["GET"]}}],"collection":[{"href":"https:\/\/3260.com.ar\/web\/wp-json\/wp\/v2\/posts"}],"about":[{"href":"https:\/\/3260.com.ar\/web\/wp-json\/wp\/v2\/types\/post"}],"author":[{"embeddable":true,"href":"https:\/\/3260.com.ar\/web\/wp-json\/wp\/v2\/users\/3"}],"replies":[{"embeddable":true,"href":"https:\/\/3260.com.ar\/web\/wp-json\/wp\/v2\/comments?post=8352"}],"version-history":[{"count":1,"href":"https:\/\/3260.com.ar\/web\/wp-json\/wp\/v2\/posts\/8352\/revisions"}],"predecessor-version":[{"id":8356,"href":"https:\/\/3260.com.ar\/web\/wp-json\/wp\/v2\/posts\/8352\/revisions\/8356"}],"wp:featuredmedia":[{"embeddable":true,"href":"https:\/\/3260.com.ar\/web\/wp-json\/wp\/v2\/media\/8353"}],"wp:attachment":[{"href":"https:\/\/3260.com.ar\/web\/wp-json\/wp\/v2\/media?parent=8352"}],"wp:term":[{"taxonomy":"category","embeddable":true,"href":"https:\/\/3260.com.ar\/web\/wp-json\/wp\/v2\/categories?post=8352"},{"taxonomy":"post_tag","embeddable":true,"href":"https:\/\/3260.com.ar\/web\/wp-json\/wp\/v2\/tags?post=8352"}],"curies":[{"name":"wp","href":"https:\/\/api.w.org\/{rel}","templated":true}]}}