{"id":8378,"date":"2024-12-20T22:28:00","date_gmt":"2024-12-21T01:28:00","guid":{"rendered":"https:\/\/3260.com.ar\/web\/?p=8378"},"modified":"2024-12-20T19:36:10","modified_gmt":"2024-12-20T22:36:10","slug":"facultad-de-ciencias-de-la-salud-investiga-iv-jornadas-de-investigacion","status":"publish","type":"post","link":"https:\/\/3260.com.ar\/web\/facultad-de-ciencias-de-la-salud-investiga-iv-jornadas-de-investigacion\/","title":{"rendered":"FACULTAD DE CIENCIAS DE LA SALUD INVESTIGA: IV JORNADAS DE INVESTIGACI\u00d3N"},"content":{"rendered":"\n<p>En la Facultad de Ciencias de la Salud de U.N.E.R. el pasado viernes 13 de diciembre de 2024 se llevaron a cabo las \u00abIV JORNADAS DE INVESTIGACIONES PARA LA SALUD: LA FACULTAD DE CIENCIAS DE LA SALUD INVESTIGA, en el marco del Seminario-Taller \u201chacia la construcci\u00f3n del problema de investigaci\u00f3n\u201d, perteneciente a la 7\u00aa cohorte de la Maestr\u00eda en Salud Familiar y Comunitaria. Durante las jornadas se expusieron tem\u00e1ticas clave que enriquecen el conocimiento sobre las problem\u00e1ticas de salud y ambiente en nuestra regi\u00f3n.\u00a0<\/p>\n\n\n\n<p>Estas iniciativas refuerzan nuestro compromiso con la formaci\u00f3n y el desarrollo de investigaciones que aporten soluciones a los desaf\u00edos actuales en el \u00e1mbito de la salud.<\/p>\n\n\n\n<p>El objetivo planteado fue \u201cFomentar un espacio acad\u00e9mico de intercambio para apoyar el proceso de focalizaci\u00f3n de las problem\u00e1ticas que ser\u00e1n abordadas en las futuras tesis\u201d. Esta actividad permiti\u00f3 reflexionar sobre los modos de abordaje metodol\u00f3gico a trav\u00e9s de las experiencias compartidas por docentes investigadores de nuestra facultad y maestrandos.<\/p>\n","protected":false},"excerpt":{"rendered":"<p>En la Facultad de Ciencias de la Salud de U.N.E.R. el pasado viernes 13 de diciembre de 2024 se llevaron a cabo las \u00abIV JORNADAS DE INVESTIGACIONES PARA LA SALUD: LA FACULTAD DE CIENCIAS DE LA SALUD INVESTIGA, en el marco del Seminario-Taller \u201chacia la construcci\u00f3n del problema de investigaci\u00f3n\u201d, perteneciente a la 7\u00aa cohorte [&hellip;]<\/p>\n","protected":false},"author":3,"featured_media":8379,"comment_status":"closed","ping_status":"closed","sticky":false,"template":"","format":"standard","meta":{"_jetpack_memberships_contains_paid_content":false,"footnotes":"","jetpack_publicize_message":"","jetpack_publicize_feature_enabled":true,"jetpack_social_post_already_shared":true,"jetpack_social_options":{"image_generator_settings":{"template":"highway","default_image_id":0,"enabled":false},"version":2}},"categories":[176],"tags":[60,2326],"class_list":["post-8378","post","type-post","status-publish","format-standard","has-post-thumbnail","hentry","category-educacion","tag-60","tag-fcs-uner"],"jetpack_publicize_connections":[],"jetpack_featured_media_url":"https:\/\/3260.com.ar\/web\/wp-content\/uploads\/2024\/12\/Uner-Ingestiga-IV.jpg","jetpack_sharing_enabled":true,"_links":{"self":[{"href":"https:\/\/3260.com.ar\/web\/wp-json\/wp\/v2\/posts\/8378","targetHints":{"allow":["GET"]}}],"collection":[{"href":"https:\/\/3260.com.ar\/web\/wp-json\/wp\/v2\/posts"}],"about":[{"href":"https:\/\/3260.com.ar\/web\/wp-json\/wp\/v2\/types\/post"}],"author":[{"embeddable":true,"href":"https:\/\/3260.com.ar\/web\/wp-json\/wp\/v2\/users\/3"}],"replies":[{"embeddable":true,"href":"https:\/\/3260.com.ar\/web\/wp-json\/wp\/v2\/comments?post=8378"}],"version-history":[{"count":1,"href":"https:\/\/3260.com.ar\/web\/wp-json\/wp\/v2\/posts\/8378\/revisions"}],"predecessor-version":[{"id":8380,"href":"https:\/\/3260.com.ar\/web\/wp-json\/wp\/v2\/posts\/8378\/revisions\/8380"}],"wp:featuredmedia":[{"embeddable":true,"href":"https:\/\/3260.com.ar\/web\/wp-json\/wp\/v2\/media\/8379"}],"wp:attachment":[{"href":"https:\/\/3260.com.ar\/web\/wp-json\/wp\/v2\/media?parent=8378"}],"wp:term":[{"taxonomy":"category","embeddable":true,"href":"https:\/\/3260.com.ar\/web\/wp-json\/wp\/v2\/categories?post=8378"},{"taxonomy":"post_tag","embeddable":true,"href":"https:\/\/3260.com.ar\/web\/wp-json\/wp\/v2\/tags?post=8378"}],"curies":[{"name":"wp","href":"https:\/\/api.w.org\/{rel}","templated":true}]}}