{"id":8468,"date":"2025-01-09T00:04:00","date_gmt":"2025-01-09T03:04:00","guid":{"rendered":"https:\/\/3260.com.ar\/web\/?p=8468"},"modified":"2025-01-06T23:10:43","modified_gmt":"2025-01-07T02:10:43","slug":"i-o-s-p-e-r-bajo-la-lupa","status":"publish","type":"post","link":"https:\/\/3260.com.ar\/web\/i-o-s-p-e-r-bajo-la-lupa\/","title":{"rendered":"I.O.S.P.E.R  BAJO LA LUPA"},"content":{"rendered":"\n<p>El Instituto de Obra Social de la Provincia de Entre R\u00edos est\u00e1 siendo auditado, hall\u00e1ndose en principio muchas \u00abobservaciones administrativas\u00bb por hacer en relaci\u00f3n a decisiones tomadas por las administraciones responsables del destino del mismo.<\/p>\n\n\n\n<p><\/p>\n\n\n\n<p>IOSPER es la obra social de los trabajadores del Estado de Entre R\u00edos.\u00a0Fue creada el 18 de mayo de 1973 mediante la Ley N\u00ba 5.326.\u00a0Desde 1988, su conducci\u00f3n y administraci\u00f3n est\u00e1 a cargo de representante de los trabajadores y del Estado.<\/p>\n\n\n\n<p>Cuenta con aproximadamente 300.000 afiliados directos, aportantes mensualmente a trav\u00e9s de las liquidaciones de haberes de los trabajadores activos y jubilados de Entre R\u00edos.<\/p>\n\n\n\n<p><strong>La obra social desde hace a\u00f1os no responde a los requerimientos del Tribunal de Cuentas (TdC). Fondos p\u00fablicos y compras sin rendici\u00f3n, pagos a empresas intermediarias sin contrato, sobreprecios, d\u00e9ficit en el cobro de saldos pendientes a favor del organismo, licitaciones sin la publicaci\u00f3n correspondiente, son algunos de los puntos que indica el informe que el TdC elev\u00f3 al gobernador Rogelio Frigerio.\u00a0<\/strong><\/p>\n\n\n\n<p>La informaci\u00f3n oficial dada a conocer por el Gobierno de Entre R\u00edos puede leerse siguiendo el enlace <a href=\"https:\/\/portal.entrerios.gov.ar\/noticias\/15054\" data-type=\"link\" data-id=\"https:\/\/portal.entrerios.gov.ar\/noticias\/15054\">https:\/\/portal.entrerios.gov.ar\/noticias\/15054<\/a><\/p>\n","protected":false},"excerpt":{"rendered":"<p>El Instituto de Obra Social de la Provincia de Entre R\u00edos est\u00e1 siendo auditado, hall\u00e1ndose en principio muchas \u00abobservaciones administrativas\u00bb por hacer en relaci\u00f3n a decisiones tomadas por las administraciones responsables del destino del mismo. IOSPER es la obra social de los trabajadores del Estado de Entre R\u00edos.\u00a0Fue creada el 18 de mayo de 1973 [&hellip;]<\/p>\n","protected":false},"author":3,"featured_media":8469,"comment_status":"closed","ping_status":"closed","sticky":false,"template":"","format":"standard","meta":{"_jetpack_memberships_contains_paid_content":false,"footnotes":"","jetpack_publicize_message":"","jetpack_publicize_feature_enabled":true,"jetpack_social_post_already_shared":true,"jetpack_social_options":{"image_generator_settings":{"template":"highway","default_image_id":0,"enabled":false},"version":2}},"categories":[174],"tags":[60,2384],"class_list":["post-8468","post","type-post","status-publish","format-standard","has-post-thumbnail","hentry","category-cultura","tag-60","tag-iosper"],"jetpack_publicize_connections":[],"jetpack_featured_media_url":"https:\/\/3260.com.ar\/web\/wp-content\/uploads\/2025\/01\/IOSPER.png","jetpack_sharing_enabled":true,"_links":{"self":[{"href":"https:\/\/3260.com.ar\/web\/wp-json\/wp\/v2\/posts\/8468","targetHints":{"allow":["GET"]}}],"collection":[{"href":"https:\/\/3260.com.ar\/web\/wp-json\/wp\/v2\/posts"}],"about":[{"href":"https:\/\/3260.com.ar\/web\/wp-json\/wp\/v2\/types\/post"}],"author":[{"embeddable":true,"href":"https:\/\/3260.com.ar\/web\/wp-json\/wp\/v2\/users\/3"}],"replies":[{"embeddable":true,"href":"https:\/\/3260.com.ar\/web\/wp-json\/wp\/v2\/comments?post=8468"}],"version-history":[{"count":1,"href":"https:\/\/3260.com.ar\/web\/wp-json\/wp\/v2\/posts\/8468\/revisions"}],"predecessor-version":[{"id":8470,"href":"https:\/\/3260.com.ar\/web\/wp-json\/wp\/v2\/posts\/8468\/revisions\/8470"}],"wp:featuredmedia":[{"embeddable":true,"href":"https:\/\/3260.com.ar\/web\/wp-json\/wp\/v2\/media\/8469"}],"wp:attachment":[{"href":"https:\/\/3260.com.ar\/web\/wp-json\/wp\/v2\/media?parent=8468"}],"wp:term":[{"taxonomy":"category","embeddable":true,"href":"https:\/\/3260.com.ar\/web\/wp-json\/wp\/v2\/categories?post=8468"},{"taxonomy":"post_tag","embeddable":true,"href":"https:\/\/3260.com.ar\/web\/wp-json\/wp\/v2\/tags?post=8468"}],"curies":[{"name":"wp","href":"https:\/\/api.w.org\/{rel}","templated":true}]}}