{"id":8503,"date":"2025-01-13T00:02:00","date_gmt":"2025-01-13T03:02:00","guid":{"rendered":"https:\/\/3260.com.ar\/web\/?p=8503"},"modified":"2025-01-10T22:16:14","modified_gmt":"2025-01-11T01:16:14","slug":"40-fiesta-nacional-de-la-artesania","status":"publish","type":"post","link":"https:\/\/3260.com.ar\/web\/40-fiesta-nacional-de-la-artesania\/","title":{"rendered":"40 \u00b0 FIESTA NACIONAL DE LA ARTESAN\u00cdA"},"content":{"rendered":"\n<p>Col\u00f3n se pone a punto para la edici\u00f3n de la 40\u00b0 FIESTA NACIONAL DE LA ARTESAN\u00cdA entre el 8 y  16 de febrero de 2025.<\/p>\n\n\n\n<p>La sede ser\u00e1 nuevamente el predio ubicado en el acceso a la ciudad. M\u00e1s 200 destacados artesanos de todo el pa\u00eds, presencia de Pueblos Originarios, stands institucionales de todas las provincias, talleres de artesanos abiertos a todo p\u00fablico y un ambiente refrigerado.<\/p>\n\n\n\n<p>Se dictar\u00e1n varios talleres vinculados a la esencia de la Fiesta, concordante con el detalle:<\/p>\n\n\n\n<p><strong>TALLER DE CONSTRUCCI\u00d3N DE JUGUETES QUE FUNCIONAN<\/strong>:<\/p>\n\n\n\n<p>Dictado por el Maestro Artesano Juguetero y Escen\u00f3grafo DIEGO PERCIK<\/p>\n\n\n\n<p>Valor del taller $15.000- Cupos limitados &#8211; Incluye materiales &#8211; + info: Whatsapp 3413478735<\/p>\n\n\n\n<p><strong>TALLER DE<\/strong> <strong>CESTER\u00cdA ANCESTRAL<\/strong><\/p>\n\n\n\n<p>Dictado por el Maestro Artesano Rueca de Plata 2023 ROQUE GOMEZ<\/p>\n\n\n\n<p>Taller gratuito &#8211; Cupos limitados &#8211;  + info: Whatapp 3447437151<\/p>\n\n\n\n<p> <strong>TALLER DE<\/strong> <strong>VITROFUSI\u00d3N<\/strong><\/p>\n\n\n\n<p>Dictado por las Artesanas NORMA ALBORNOZ y VERONICA ESPESO<\/p>\n\n\n\n<p>Valor del taller: $25.000- Cupos limitados &#8211; Incluye materiales<\/p>\n\n\n\n<p>+ info: Whatsapp 3447648878<\/p>\n\n\n\n<p> <strong>TALLER DE RANDA \u00abTEJIENDO ILUSIONES\u00bb<\/strong><\/p>\n\n\n\n<p>Dictado por la Maestra Artesana MARCELA SUELDO<\/p>\n\n\n\n<p>Valor del taller: $15.000- Cupos limitados &#8211; + info: Whatsapp 3863512835<\/p>\n\n\n\n<p> <strong>TALLER DE TALLA ORG\u00c1NICA APLICADA A LA EBANISTERIA<\/strong><\/p>\n\n\n\n<p>Dictado por el Maestro Artesano NESTOR LAZARO<\/p>\n\n\n\n<p>Taller gratuito &#8211; Cupos limitados  &#8211; + info: Whatsapp 3576465968<\/p>\n\n\n\n<p><strong>TALLER DE<\/strong> <strong>CONSTRUCCI\u00d3N DE INSTRUMENTOS MUSICALES CON MATERIALES RECICLABLES.<\/strong><\/p>\n\n\n\n<p>Dictado por la Luthier, Instrumentista y Lic. en Folklore JORGELINA RODRIGUEZ<\/p>\n\n\n\n<p>Valor del taller: $15.000- Cupos limitados &#8211; Incluye materiales   + info: Whatsapp 1165391354<\/p>\n\n\n\n<p>El aspecto deportivo tambi\u00e9n tendr\u00e1 su espacio:<\/p>\n\n\n\n<figure class=\"wp-block-image size-full\"><a href=\"https:\/\/3260.com.ar\/web\/wp-content\/uploads\/2025\/01\/image-18.png\"><img loading=\"lazy\" decoding=\"async\" width=\"526\" height=\"526\" src=\"https:\/\/3260.com.ar\/web\/wp-content\/uploads\/2025\/01\/image-18.png\" alt=\"\" class=\"wp-image-8505\" srcset=\"https:\/\/3260.com.ar\/web\/wp-content\/uploads\/2025\/01\/image-18.png 526w, https:\/\/3260.com.ar\/web\/wp-content\/uploads\/2025\/01\/image-18-300x300.png 300w, https:\/\/3260.com.ar\/web\/wp-content\/uploads\/2025\/01\/image-18-150x150.png 150w, https:\/\/3260.com.ar\/web\/wp-content\/uploads\/2025\/01\/image-18-80x80.png 80w\" sizes=\"auto, (max-width: 526px) 100vw, 526px\" \/><\/a><\/figure>\n","protected":false},"excerpt":{"rendered":"<p>Col\u00f3n se pone a punto para la edici\u00f3n de la 40\u00b0 FIESTA NACIONAL DE LA ARTESAN\u00cdA entre el 8 y 16 de febrero de 2025. La sede ser\u00e1 nuevamente el predio ubicado en el acceso a la ciudad. M\u00e1s 200 destacados artesanos de todo el pa\u00eds, presencia de Pueblos Originarios, stands institucionales de todas las [&hellip;]<\/p>\n","protected":false},"author":3,"featured_media":8506,"comment_status":"closed","ping_status":"closed","sticky":false,"template":"","format":"standard","meta":{"_jetpack_memberships_contains_paid_content":false,"footnotes":"","jetpack_publicize_message":"","jetpack_publicize_feature_enabled":true,"jetpack_social_post_already_shared":true,"jetpack_social_options":{"image_generator_settings":{"template":"highway","default_image_id":0,"enabled":false},"version":2}},"categories":[174],"tags":[60,2431],"class_list":["post-8503","post","type-post","status-publish","format-standard","has-post-thumbnail","hentry","category-cultura","tag-60","tag-fiesta-nacional-de-la-artesania"],"jetpack_publicize_connections":[],"jetpack_featured_media_url":"https:\/\/3260.com.ar\/web\/wp-content\/uploads\/2025\/01\/Fiesta-Artesarnia-2025.jpg","jetpack_sharing_enabled":true,"_links":{"self":[{"href":"https:\/\/3260.com.ar\/web\/wp-json\/wp\/v2\/posts\/8503","targetHints":{"allow":["GET"]}}],"collection":[{"href":"https:\/\/3260.com.ar\/web\/wp-json\/wp\/v2\/posts"}],"about":[{"href":"https:\/\/3260.com.ar\/web\/wp-json\/wp\/v2\/types\/post"}],"author":[{"embeddable":true,"href":"https:\/\/3260.com.ar\/web\/wp-json\/wp\/v2\/users\/3"}],"replies":[{"embeddable":true,"href":"https:\/\/3260.com.ar\/web\/wp-json\/wp\/v2\/comments?post=8503"}],"version-history":[{"count":1,"href":"https:\/\/3260.com.ar\/web\/wp-json\/wp\/v2\/posts\/8503\/revisions"}],"predecessor-version":[{"id":8507,"href":"https:\/\/3260.com.ar\/web\/wp-json\/wp\/v2\/posts\/8503\/revisions\/8507"}],"wp:featuredmedia":[{"embeddable":true,"href":"https:\/\/3260.com.ar\/web\/wp-json\/wp\/v2\/media\/8506"}],"wp:attachment":[{"href":"https:\/\/3260.com.ar\/web\/wp-json\/wp\/v2\/media?parent=8503"}],"wp:term":[{"taxonomy":"category","embeddable":true,"href":"https:\/\/3260.com.ar\/web\/wp-json\/wp\/v2\/categories?post=8503"},{"taxonomy":"post_tag","embeddable":true,"href":"https:\/\/3260.com.ar\/web\/wp-json\/wp\/v2\/tags?post=8503"}],"curies":[{"name":"wp","href":"https:\/\/api.w.org\/{rel}","templated":true}]}}