{"id":8772,"date":"2025-02-28T00:00:00","date_gmt":"2025-02-28T03:00:00","guid":{"rendered":"https:\/\/3260.com.ar\/web\/?p=8772"},"modified":"2025-02-26T20:40:36","modified_gmt":"2025-02-26T23:40:36","slug":"ferroclub-de-concepcion-del-uruguay","status":"publish","type":"post","link":"https:\/\/3260.com.ar\/web\/ferroclub-de-concepcion-del-uruguay\/","title":{"rendered":"FERROCLUB DE CONCEPCI\u00d3N DEL URUGUAY"},"content":{"rendered":"\n<p>El FERRO CLUB, ubicado en Boulevard \u00abLos Constituyentes\u00bb 450, Concepci\u00f3n del Uruguay, ha cobrado vitalidad trascendiendo y ganando espacio en la comunidad local.<\/p>\n\n\n\n<p>El 2 de Marzo de 2025, la Comunidad Uruguayense vivir\u00e1 una jornada hist\u00f3rica llena de j\u00fabilo. Ese d\u00eda ser\u00e1 la reinauguraci\u00f3n del Museo Ferroviario y una nueva conmemoraci\u00f3n del D\u00eda del Ferroviario, adem\u00e1s con la vuelta a  la conexi\u00f3n de todo el Predio Ferroviario (Que incluye a la Estaci\u00f3n y sus respectivas dependencias) con el resto del Pa\u00eds a trav\u00e9s de la Radio.<\/p>\n\n\n\n<p>Esto ser\u00e1 posible, una vez m\u00e1s, gracias <a><\/a>al Club de Radioaficionados de Concepci\u00f3n del Uruguay, quienes ya en 2022 nos hicieron el regalo de conectarnos de esta singular forma. En aquella ocasi\u00f3n, presenciamos un gesto lleno de simbolismo, un acto de uni\u00f3n, de historia, de pasi\u00f3n por el ferrocarril. Aquel 1 de marzo de 2022, la radio conect\u00f3 al Museo y a la Estaci\u00f3n con personas que, de alguna u otra manera, fueron part\u00edcipes de nuestra Historia. Fue el comienzo de una nueva etapa para todos, la de un futuro lleno de nuevas oportunidades y sue\u00f1os compartidos.<\/p>\n\n\n\n<p>Hoy, tres a\u00f1os despu\u00e9s, no solo celebramos el esfuerzo de todos los que hicieron posible esta reinauguraci\u00f3n, sino tambi\u00e9n el regreso de ese esp\u00edritu de uni\u00f3n. El 2 de marzo, nuestro Museo renace con m\u00e1s historia que nunca, con m\u00e1s energ\u00eda, con m\u00e1s ganas de compartirlo con todos ustedes. El 2 de marzo, como en 2022, los Radioaficionados estar\u00e1n de vuelta en nuestro espacio, nuevamente conectando con el pa\u00eds, para dar el pistoletazo de salida a lo que ser\u00e1 una jornada hist\u00f3rica.<\/p>\n\n\n\n<p>Te invitamos a ser parte de esta fiesta, a vivir la emoci\u00f3n de ver c\u00f3mo nuestro querido Museo vuelve a latir con m\u00e1s fuerza que nunca. Porque este no es solo un d\u00eda de reinauguraci\u00f3n, es un d\u00eda para recordar que el ferrocarril sigue vivo en nuestra memoria, que el esfuerzo colectivo tiene su recompensa, y que la pasi\u00f3n por nuestra historia es lo que nos mantiene unidos.<\/p>\n","protected":false},"excerpt":{"rendered":"<p>El FERRO CLUB, ubicado en Boulevard \u00abLos Constituyentes\u00bb 450, Concepci\u00f3n del Uruguay, ha cobrado vitalidad trascendiendo y ganando espacio en la comunidad local. El 2 de Marzo de 2025, la Comunidad Uruguayense vivir\u00e1 una jornada hist\u00f3rica llena de j\u00fabilo. Ese d\u00eda ser\u00e1 la reinauguraci\u00f3n del Museo Ferroviario y una nueva conmemoraci\u00f3n del D\u00eda del Ferroviario, [&hellip;]<\/p>\n","protected":false},"author":3,"featured_media":8773,"comment_status":"closed","ping_status":"closed","sticky":false,"template":"","format":"standard","meta":{"_jetpack_memberships_contains_paid_content":false,"footnotes":"","jetpack_publicize_message":"","jetpack_publicize_feature_enabled":true,"jetpack_social_post_already_shared":true,"jetpack_social_options":{"image_generator_settings":{"template":"highway","default_image_id":0,"enabled":false},"version":2}},"categories":[174],"tags":[60,1932],"class_list":["post-8772","post","type-post","status-publish","format-standard","has-post-thumbnail","hentry","category-cultura","tag-60","tag-ferroclub-de-concepcion-del-uruguay"],"jetpack_publicize_connections":[],"jetpack_featured_media_url":"https:\/\/3260.com.ar\/web\/wp-content\/uploads\/2025\/02\/Ferroviarios.jpg","jetpack_sharing_enabled":true,"_links":{"self":[{"href":"https:\/\/3260.com.ar\/web\/wp-json\/wp\/v2\/posts\/8772","targetHints":{"allow":["GET"]}}],"collection":[{"href":"https:\/\/3260.com.ar\/web\/wp-json\/wp\/v2\/posts"}],"about":[{"href":"https:\/\/3260.com.ar\/web\/wp-json\/wp\/v2\/types\/post"}],"author":[{"embeddable":true,"href":"https:\/\/3260.com.ar\/web\/wp-json\/wp\/v2\/users\/3"}],"replies":[{"embeddable":true,"href":"https:\/\/3260.com.ar\/web\/wp-json\/wp\/v2\/comments?post=8772"}],"version-history":[{"count":1,"href":"https:\/\/3260.com.ar\/web\/wp-json\/wp\/v2\/posts\/8772\/revisions"}],"predecessor-version":[{"id":8774,"href":"https:\/\/3260.com.ar\/web\/wp-json\/wp\/v2\/posts\/8772\/revisions\/8774"}],"wp:featuredmedia":[{"embeddable":true,"href":"https:\/\/3260.com.ar\/web\/wp-json\/wp\/v2\/media\/8773"}],"wp:attachment":[{"href":"https:\/\/3260.com.ar\/web\/wp-json\/wp\/v2\/media?parent=8772"}],"wp:term":[{"taxonomy":"category","embeddable":true,"href":"https:\/\/3260.com.ar\/web\/wp-json\/wp\/v2\/categories?post=8772"},{"taxonomy":"post_tag","embeddable":true,"href":"https:\/\/3260.com.ar\/web\/wp-json\/wp\/v2\/tags?post=8772"}],"curies":[{"name":"wp","href":"https:\/\/api.w.org\/{rel}","templated":true}]}}