{"id":8775,"date":"2025-02-27T00:13:00","date_gmt":"2025-02-27T03:13:00","guid":{"rendered":"https:\/\/3260.com.ar\/web\/?p=8775"},"modified":"2025-02-26T20:50:00","modified_gmt":"2025-02-26T23:50:00","slug":"san-justo-calendario-de-celebraciones","status":"publish","type":"post","link":"https:\/\/3260.com.ar\/web\/san-justo-calendario-de-celebraciones\/","title":{"rendered":"SAN JUSTO, CALENDARIO DE CELEBRACIONES"},"content":{"rendered":"\n<p>La poblaci\u00f3n de Villa San Justo distante 20 km de Concepci\u00f3n del Uruguay, por medio de la Municipalidad local di\u00f3 a conocer el calendario de actividades culturales por la celebraci\u00f3n de un nuevo aniversario de la localidad.<\/p>\n\n\n\n<p>San Justo se caracteriza por ser un polo productivo e industrial de la actividad av\u00edcola, siendo asimismo foco de referencia por su valor hist\u00f3rico y educativo. Es adem\u00e1s n\u00facleo del denominado \u00abCAMINO REAL\u00bb que une la ciudad de Concepci\u00f3n del Uruguay con el hist\u00f3rico Palacio San Jos\u00e9.<\/p>\n\n\n\n<p>2 de marzo: entierro de carnaval 2025. Comparsas y agrupaciones locales. Show musical al cierre. Entrada libre y gratuita.<\/p>\n\n\n\n<p>8 de marzo, en la plaza Justo Jos\u00e9 de Urquiza desde las 20 hs habr\u00e1 un festival popular con artistas, emprendedores, artesanos e instituciones locales.<\/p>\n\n\n\n<p>6 de Abril, contin\u00faa la celebraci\u00f3n del 145 aniversario de San Justo, con una carrera de atletismo y otra de ciclismo en la modalidad MTB.<\/p>\n\n\n\n<p>Bajo la denominaci\u00f3n Grand Prix \u201cCAMINOS DEL PALACIO \u201c. Evento que re\u00fane un circuito de running y otro de MTB, paisajes incre\u00edbles, caminos llenos de historia, viejas estancias y un hilo com\u00fan, el legado de Urquiza.<\/p>\n\n\n\n<p><a><\/a>Inscripciones:<\/p>\n\n\n\n<p><a href=\"https:\/\/www.cronofrancolini.com.ar\/caminodelpalacio.html\">https:\/\/www.cronofrancolini.com.ar\/caminodelpalacio.html<\/a><\/p>\n\n\n\n<figure class=\"wp-block-image size-large\"><a href=\"https:\/\/3260.com.ar\/web\/wp-content\/uploads\/2025\/02\/image-33.png\"><img loading=\"lazy\" decoding=\"async\" width=\"817\" height=\"1024\" src=\"https:\/\/3260.com.ar\/web\/wp-content\/uploads\/2025\/02\/image-33-817x1024.png\" alt=\"\" class=\"wp-image-8776\" srcset=\"https:\/\/3260.com.ar\/web\/wp-content\/uploads\/2025\/02\/image-33-817x1024.png 817w, https:\/\/3260.com.ar\/web\/wp-content\/uploads\/2025\/02\/image-33-239x300.png 239w, https:\/\/3260.com.ar\/web\/wp-content\/uploads\/2025\/02\/image-33-768x963.png 768w, https:\/\/3260.com.ar\/web\/wp-content\/uploads\/2025\/02\/image-33.png 1179w\" sizes=\"auto, (max-width: 817px) 100vw, 817px\" \/><\/a><\/figure>\n\n\n\n<figure class=\"wp-block-image size-large\"><a href=\"https:\/\/3260.com.ar\/web\/wp-content\/uploads\/2025\/02\/image-34.png\"><img loading=\"lazy\" decoding=\"async\" width=\"819\" height=\"1024\" src=\"https:\/\/3260.com.ar\/web\/wp-content\/uploads\/2025\/02\/image-34-819x1024.png\" alt=\"\" class=\"wp-image-8777\" srcset=\"https:\/\/3260.com.ar\/web\/wp-content\/uploads\/2025\/02\/image-34-819x1024.png 819w, https:\/\/3260.com.ar\/web\/wp-content\/uploads\/2025\/02\/image-34-240x300.png 240w, https:\/\/3260.com.ar\/web\/wp-content\/uploads\/2025\/02\/image-34-768x960.png 768w, https:\/\/3260.com.ar\/web\/wp-content\/uploads\/2025\/02\/image-34.png 1179w\" sizes=\"auto, (max-width: 819px) 100vw, 819px\" \/><\/a><\/figure>\n","protected":false},"excerpt":{"rendered":"<p>La poblaci\u00f3n de Villa San Justo distante 20 km de Concepci\u00f3n del Uruguay, por medio de la Municipalidad local di\u00f3 a conocer el calendario de actividades culturales por la celebraci\u00f3n de un nuevo aniversario de la localidad. San Justo se caracteriza por ser un polo productivo e industrial de la actividad av\u00edcola, siendo asimismo foco [&hellip;]<\/p>\n","protected":false},"author":3,"featured_media":8778,"comment_status":"closed","ping_status":"closed","sticky":false,"template":"","format":"standard","meta":{"_jetpack_memberships_contains_paid_content":false,"footnotes":"","jetpack_publicize_message":"","jetpack_publicize_feature_enabled":true,"jetpack_social_post_already_shared":true,"jetpack_social_options":{"image_generator_settings":{"template":"highway","default_image_id":0,"enabled":false},"version":2}},"categories":[174],"tags":[2470,60,1470],"class_list":["post-8775","post","type-post","status-publish","format-standard","has-post-thumbnail","hentry","category-cultura","tag-145-aniversario-de-san-justo","tag-60","tag-villa-san-justo"],"jetpack_publicize_connections":[],"jetpack_featured_media_url":"https:\/\/3260.com.ar\/web\/wp-content\/uploads\/2025\/02\/San-Justo-145-aniversario.jpg","jetpack_sharing_enabled":true,"_links":{"self":[{"href":"https:\/\/3260.com.ar\/web\/wp-json\/wp\/v2\/posts\/8775","targetHints":{"allow":["GET"]}}],"collection":[{"href":"https:\/\/3260.com.ar\/web\/wp-json\/wp\/v2\/posts"}],"about":[{"href":"https:\/\/3260.com.ar\/web\/wp-json\/wp\/v2\/types\/post"}],"author":[{"embeddable":true,"href":"https:\/\/3260.com.ar\/web\/wp-json\/wp\/v2\/users\/3"}],"replies":[{"embeddable":true,"href":"https:\/\/3260.com.ar\/web\/wp-json\/wp\/v2\/comments?post=8775"}],"version-history":[{"count":2,"href":"https:\/\/3260.com.ar\/web\/wp-json\/wp\/v2\/posts\/8775\/revisions"}],"predecessor-version":[{"id":8782,"href":"https:\/\/3260.com.ar\/web\/wp-json\/wp\/v2\/posts\/8775\/revisions\/8782"}],"wp:featuredmedia":[{"embeddable":true,"href":"https:\/\/3260.com.ar\/web\/wp-json\/wp\/v2\/media\/8778"}],"wp:attachment":[{"href":"https:\/\/3260.com.ar\/web\/wp-json\/wp\/v2\/media?parent=8775"}],"wp:term":[{"taxonomy":"category","embeddable":true,"href":"https:\/\/3260.com.ar\/web\/wp-json\/wp\/v2\/categories?post=8775"},{"taxonomy":"post_tag","embeddable":true,"href":"https:\/\/3260.com.ar\/web\/wp-json\/wp\/v2\/tags?post=8775"}],"curies":[{"name":"wp","href":"https:\/\/api.w.org\/{rel}","templated":true}]}}