{"id":8904,"date":"2025-03-24T18:59:00","date_gmt":"2025-03-24T21:59:00","guid":{"rendered":"https:\/\/3260.com.ar\/web\/?p=8904"},"modified":"2025-03-23T12:23:38","modified_gmt":"2025-03-23T15:23:38","slug":"vacunacion-antigripal-en-entre-rios","status":"publish","type":"post","link":"https:\/\/3260.com.ar\/web\/vacunacion-antigripal-en-entre-rios\/","title":{"rendered":"VACUNACI\u00d3N ANTIGRIPAL EN ENTRE RIOS"},"content":{"rendered":"\n<p>El objetivo de la Campa\u00f1a de Vacunaci\u00f3n Antigripal es reducir las complicaciones, hospitalizaciones, muertes y secuelas que ocasiona la infecci\u00f3n por el virus influenza en la poblaci\u00f3n de riesgo. Como ocurre cada a\u00f1o, la vacuna antigripal comienza a colocarse a la poblaci\u00f3n objetivo en los meses previos a la temporada invernal (en la que se registra la mayor circulaci\u00f3n del virus influenza), con el prop\u00f3sito de que las personas con mayor riesgo lleguen a esas fechas con un mejor nivel de defensas.<\/p>\n\n\n\n<p><strong>Etapas<\/strong><br><br>La vacuna se aplica de forma gratuita a todas las personas incluidas en los grupos de riesgo en todos los vacunatorios provinciales.<br><br>En esta primera etapa se priorizar\u00e1 la inmunizaci\u00f3n de Personal de Salud p\u00fablico, privado y Fuerzas de Seguridad (sanidad); las embarazadas; las pu\u00e9rperas; los ni\u00f1os de 6 a 24 meses de edad; las personas en residencias de larga estad\u00eda (geri\u00e1tricos) y hospitales monovalentes, como as\u00ed tambi\u00e9n en internaciones domiciliarias.<br><br>En las pr\u00f3ximas semanas se dar\u00e1 inicio a la segunda etapa, con fecha a\u00fan a confirmar de acuerdo a la disponibilidad de dosis. All\u00ed se convocar\u00e1 a los otros grupos objetivo de la campa\u00f1a, que son las personas entre los 2 y 64 a\u00f1os que tengan factores de riesgo y de 65 a\u00f1os en adelante.<\/p>\n\n\n\n<p class=\"has-text-align-right has-small-font-size\">Fuente: Secretar\u00eda comunicaci\u00f3n ER<\/p>\n","protected":false},"excerpt":{"rendered":"<p>El objetivo de la Campa\u00f1a de Vacunaci\u00f3n Antigripal es reducir las complicaciones, hospitalizaciones, muertes y secuelas que ocasiona la infecci\u00f3n por el virus influenza en la poblaci\u00f3n de riesgo. Como ocurre cada a\u00f1o, la vacuna antigripal comienza a colocarse a la poblaci\u00f3n objetivo en los meses previos a la temporada invernal (en la que se [&hellip;]<\/p>\n","protected":false},"author":3,"featured_media":8905,"comment_status":"closed","ping_status":"closed","sticky":false,"template":"","format":"standard","meta":{"_jetpack_memberships_contains_paid_content":false,"footnotes":"","jetpack_publicize_message":"","jetpack_publicize_feature_enabled":true,"jetpack_social_post_already_shared":true,"jetpack_social_options":{"image_generator_settings":{"template":"highway","default_image_id":0,"enabled":false},"version":2}},"categories":[174],"tags":[60,2499],"class_list":["post-8904","post","type-post","status-publish","format-standard","has-post-thumbnail","hentry","category-cultura","tag-60","tag-vacunacion-antigripal"],"jetpack_publicize_connections":[],"jetpack_featured_media_url":"https:\/\/3260.com.ar\/web\/wp-content\/uploads\/2025\/03\/vacunacion_infantil.jpeg","jetpack_sharing_enabled":true,"_links":{"self":[{"href":"https:\/\/3260.com.ar\/web\/wp-json\/wp\/v2\/posts\/8904","targetHints":{"allow":["GET"]}}],"collection":[{"href":"https:\/\/3260.com.ar\/web\/wp-json\/wp\/v2\/posts"}],"about":[{"href":"https:\/\/3260.com.ar\/web\/wp-json\/wp\/v2\/types\/post"}],"author":[{"embeddable":true,"href":"https:\/\/3260.com.ar\/web\/wp-json\/wp\/v2\/users\/3"}],"replies":[{"embeddable":true,"href":"https:\/\/3260.com.ar\/web\/wp-json\/wp\/v2\/comments?post=8904"}],"version-history":[{"count":2,"href":"https:\/\/3260.com.ar\/web\/wp-json\/wp\/v2\/posts\/8904\/revisions"}],"predecessor-version":[{"id":8907,"href":"https:\/\/3260.com.ar\/web\/wp-json\/wp\/v2\/posts\/8904\/revisions\/8907"}],"wp:featuredmedia":[{"embeddable":true,"href":"https:\/\/3260.com.ar\/web\/wp-json\/wp\/v2\/media\/8905"}],"wp:attachment":[{"href":"https:\/\/3260.com.ar\/web\/wp-json\/wp\/v2\/media?parent=8904"}],"wp:term":[{"taxonomy":"category","embeddable":true,"href":"https:\/\/3260.com.ar\/web\/wp-json\/wp\/v2\/categories?post=8904"},{"taxonomy":"post_tag","embeddable":true,"href":"https:\/\/3260.com.ar\/web\/wp-json\/wp\/v2\/tags?post=8904"}],"curies":[{"name":"wp","href":"https:\/\/api.w.org\/{rel}","templated":true}]}}