{"id":8925,"date":"2025-03-28T18:19:00","date_gmt":"2025-03-28T21:19:00","guid":{"rendered":"https:\/\/3260.com.ar\/web\/?p=8925"},"modified":"2025-03-27T14:36:10","modified_gmt":"2025-03-27T17:36:10","slug":"encuentro-entrerriano-de-musica-2025","status":"publish","type":"post","link":"https:\/\/3260.com.ar\/web\/encuentro-entrerriano-de-musica-2025\/","title":{"rendered":"ENCUENTRO ENTRERRIANO DE MUSICA 2025"},"content":{"rendered":"\n<p>La modalidad es un concurso de obra musical in\u00e9dita, con inscripci\u00f3n online. Los seleccionados recibir\u00e1n un cachet por contrataci\u00f3n art\u00edstica para participar y actuar en vivo durante el evento, que se realizar\u00e1 del 20 al 22 de junio en la ciudad de Diamante. Es una iniciativa de la Secretar\u00eda de Cultura de Entre R\u00edos y la municipalidad local.<\/p>\n\n\n\n<p>La convocatoria es de alcance provincial y tiene como objetivo impulsar la creaci\u00f3n de m\u00fasica popular y contribuir a la ampliaci\u00f3n del repertorio entrerriano en sus diferentes g\u00e9neros. Adem\u00e1s brinda un espacio destacado a las creaciones para las infancias.<\/p>\n\n\n\n<p>Podr\u00e1n participar m\u00fasicos en general (instrumentistas, cantantes, compositores y autores). Los inscriptos deber\u00e1n ser mayores de 18 a\u00f1os (cumplidos al 20\/6\/2025, sin excepci\u00f3n) y tener residencia en la provincia de Entre R\u00edos, con un m\u00ednimo de cuatro a\u00f1os. En el caso de grupo o colectivo de artistas, se requiere que un 60 por ciento de sus integrantes tengan residencia en Entre R\u00edos acreditable con un m\u00ednimo de cuatro a\u00f1os.<\/p>\n\n\n\n<p>Se deber\u00e1 presentar una obra musical in\u00e9dita y de autor\u00eda propia para integrar alguna de estas categor\u00edas: M\u00fasica para las infancias, de la cual se seleccionar\u00e1n cuatro propuestas; y M\u00fasica de cualquier g\u00e9nero, que tendr\u00e1 ocho seleccionados.<\/p>\n\n\n\n<p>El reglamento, aprobado por resoluci\u00f3n N\u00ba068, puede consultarse ingresando en:\u00a0<a href=\"https:\/\/imagenes-galeria.s3.us-east-2.amazonaws.com\/entrerios\/2025\/Reglamento%20Encuentro%20Entrerriano%20de%20M%C3%BAsica%202025.pdf\">https:\/\/imagenes-galeria.s3.us-east-2.amazonaws.com\/entrerios\/2025\/Reglamento%20Encuentro%20Entrerriano%20de%20M%C3%BAsica%202025.pdf<\/a><\/p>\n\n\n\n<p>La inscripci\u00f3n es online y puede hacerse en el siguiente enlace:\u00a0<a href=\"https:\/\/forms.comunicacionentrerios.com\/f\/110\/encuentroentrerrianodemsica\">https:\/\/forms.comunicacionentrerios.com\/f\/110\/encuentroentrerrianodemsica<\/a><br>Consultas:\u00a0<a href=\"mailto:culturaconvocatoriaer@gmail.com\">culturaconvocatoriaer@gmail.com<\/a><\/p>\n","protected":false},"excerpt":{"rendered":"<p>La modalidad es un concurso de obra musical in\u00e9dita, con inscripci\u00f3n online. Los seleccionados recibir\u00e1n un cachet por contrataci\u00f3n art\u00edstica para participar y actuar en vivo durante el evento, que se realizar\u00e1 del 20 al 22 de junio en la ciudad de Diamante. Es una iniciativa de la Secretar\u00eda de Cultura de Entre R\u00edos y [&hellip;]<\/p>\n","protected":false},"author":3,"featured_media":8926,"comment_status":"closed","ping_status":"closed","sticky":false,"template":"","format":"standard","meta":{"_jetpack_memberships_contains_paid_content":false,"footnotes":"","jetpack_publicize_message":"","jetpack_publicize_feature_enabled":true,"jetpack_social_post_already_shared":true,"jetpack_social_options":{"image_generator_settings":{"template":"highway","default_image_id":0,"enabled":false},"version":2}},"categories":[174],"tags":[60],"class_list":["post-8925","post","type-post","status-publish","format-standard","has-post-thumbnail","hentry","category-cultura","tag-60"],"jetpack_publicize_connections":[],"jetpack_featured_media_url":"https:\/\/3260.com.ar\/web\/wp-content\/uploads\/2025\/03\/Encuentro-entrerriano-de-musica25.jpg","jetpack_sharing_enabled":true,"_links":{"self":[{"href":"https:\/\/3260.com.ar\/web\/wp-json\/wp\/v2\/posts\/8925","targetHints":{"allow":["GET"]}}],"collection":[{"href":"https:\/\/3260.com.ar\/web\/wp-json\/wp\/v2\/posts"}],"about":[{"href":"https:\/\/3260.com.ar\/web\/wp-json\/wp\/v2\/types\/post"}],"author":[{"embeddable":true,"href":"https:\/\/3260.com.ar\/web\/wp-json\/wp\/v2\/users\/3"}],"replies":[{"embeddable":true,"href":"https:\/\/3260.com.ar\/web\/wp-json\/wp\/v2\/comments?post=8925"}],"version-history":[{"count":1,"href":"https:\/\/3260.com.ar\/web\/wp-json\/wp\/v2\/posts\/8925\/revisions"}],"predecessor-version":[{"id":8927,"href":"https:\/\/3260.com.ar\/web\/wp-json\/wp\/v2\/posts\/8925\/revisions\/8927"}],"wp:featuredmedia":[{"embeddable":true,"href":"https:\/\/3260.com.ar\/web\/wp-json\/wp\/v2\/media\/8926"}],"wp:attachment":[{"href":"https:\/\/3260.com.ar\/web\/wp-json\/wp\/v2\/media?parent=8925"}],"wp:term":[{"taxonomy":"category","embeddable":true,"href":"https:\/\/3260.com.ar\/web\/wp-json\/wp\/v2\/categories?post=8925"},{"taxonomy":"post_tag","embeddable":true,"href":"https:\/\/3260.com.ar\/web\/wp-json\/wp\/v2\/tags?post=8925"}],"curies":[{"name":"wp","href":"https:\/\/api.w.org\/{rel}","templated":true}]}}