{"id":8980,"date":"2025-04-04T00:48:00","date_gmt":"2025-04-04T03:48:00","guid":{"rendered":"https:\/\/3260.com.ar\/web\/?p=8980"},"modified":"2025-04-02T11:52:57","modified_gmt":"2025-04-02T14:52:57","slug":"encuentro-provincial-de-muralismo","status":"publish","type":"post","link":"https:\/\/3260.com.ar\/web\/encuentro-provincial-de-muralismo\/","title":{"rendered":"ENCUENTRO PROVINCIAL DE MURALISMO"},"content":{"rendered":"\n<p>La Secretar\u00eda de Cultura de Entre R\u00edos junto al municipio de General Galarza invitan a concursar bocetos de obra para el tercer Encuentro Provincial de Muralismo de Entre R\u00edos. La inscripci\u00f3n cierra el pr\u00f3ximo mi\u00e9rcoles 9 de abril de 2025. <\/p>\n\n\n\n<p>Hasta las 10 de la ma\u00f1ana del 9 de abril de 2025 estar\u00e1 abierta la convocatoria para participar del concurso de bocetos de murales. La selecci\u00f3n de propuestas se realizar\u00e1 entre el 10 al 15 de abril y se anunciar\u00e1 el 30 de abril. Se seleccionar\u00e1n siete obras que se plasmar\u00e1n en muros durante los d\u00edas del evento y ser\u00e1n inauguradas en la jornada de cierre.<\/p>\n\n\n\n<p>Cada proyecto seleccionado, realizado en forma individual o colectiva, percibir\u00e1 un cachet por la producci\u00f3n del mural. El tema a desarrollar es la&nbsp;<em>inclusi\u00f3n<\/em>.&nbsp;<\/p>\n\n\n\n<p>El formato de presentaci\u00f3n ser\u00e1 digital, las y los interesados deber\u00e1n completar diferentes datos y adjuntar un boceto de la obra.&nbsp;<\/p>\n\n\n\n<p><br><a href=\"https:\/\/drive.google.com\/file\/d\/1bsHh_p6_9SJyotYSbx7wO86HTND_Vwj0\/view\"><strong>VER REGLAMENTO<\/strong><\/a><strong>&nbsp;<\/strong><\/p>\n\n\n\n<p><a href=\"https:\/\/docs.google.com\/forms\/d\/e\/1FAIpQLScPzzD_qa7CNmJ1rcMYut7981JY6K584u1VCWe2b9atZUsCPQ\/viewform\"><strong>VER FORMULARIO DE INSCRIPCI\u00d3N AL CONCURSO<\/strong><\/a><strong>&nbsp;<\/strong><\/p>\n\n\n\n<p>El Encuentro tiene por objetivo promocionar el arte mural como elemento cultural cotidiano y desarrollar estrategias para la implementaci\u00f3n de pol\u00edticas p\u00fablicas relacionadas al sector, adem\u00e1s de potenciar el muralismo como un elemento patrimonial de la comunidad. General Galarza ser\u00e1 sede del evento entre el 9 al 11 de mayo.&nbsp;<\/p>\n\n\n\n<p><strong>Actividades especiales<\/strong><\/p>\n\n\n\n<p>Durante el Encuentro en mayo, tambi\u00e9n habr\u00e1 una charla y un taller de mural comunitario. La charla ser\u00e1 informativa y motivacional sobre arte p\u00fablico, y estar\u00e1 coordinada por el artista y educador Oscar Marcelo Carpita. Por otro lado, se har\u00e1 un taller de mural comunitario, coordinado por el artista Alejandro P\u00e1jaro Carreira.&nbsp;<\/p>\n\n\n\n<p>Estas instancias est\u00e1n dirigidas a toda la comunidad art\u00edstica. Se solicita a quienes se inscribieron en el concurso de bocetos que forma parte del mismo Encuentro y est\u00e9n interesados, que tambi\u00e9n lo hagan para las instancias de formaci\u00f3n, por razones organizativas. La inscripci\u00f3n tiene cupo limitado y un plazo hasta el viernes 25 de abril para efectuar la inscripci\u00f3n.&nbsp;<a href=\"https:\/\/docs.google.com\/forms\/d\/1gcOi-2hU8P_CoJGXp23yiC1S9qegxLLC_CPU4-sfWOM\/viewform?edit_requested=true\">FORMULARIO DE INSCRIPCI\u00d3N<\/a><\/p>\n\n\n\n<p>Consultas:\u00a0<a href=\"mailto:culturaconvocatoriaer@gmail.com\">culturaconvocatoriaer@gmail.com<\/a><\/p>\n\n\n\n<p><\/p>\n","protected":false},"excerpt":{"rendered":"<p>La Secretar\u00eda de Cultura de Entre R\u00edos junto al municipio de General Galarza invitan a concursar bocetos de obra para el tercer Encuentro Provincial de Muralismo de Entre R\u00edos. La inscripci\u00f3n cierra el pr\u00f3ximo mi\u00e9rcoles 9 de abril de 2025. Hasta las 10 de la ma\u00f1ana del 9 de abril de 2025 estar\u00e1 abierta la [&hellip;]<\/p>\n","protected":false},"author":3,"featured_media":8981,"comment_status":"closed","ping_status":"closed","sticky":false,"template":"","format":"standard","meta":{"_jetpack_memberships_contains_paid_content":false,"footnotes":"","jetpack_publicize_message":"","jetpack_publicize_feature_enabled":true,"jetpack_social_post_already_shared":true,"jetpack_social_options":{"image_generator_settings":{"template":"highway","default_image_id":0,"enabled":false},"version":2}},"categories":[174],"tags":[60,2516,2515],"class_list":["post-8980","post","type-post","status-publish","format-standard","has-post-thumbnail","hentry","category-cultura","tag-60","tag-encuentro-provincial-muralismo","tag-muralismo"],"jetpack_publicize_connections":[],"jetpack_featured_media_url":"https:\/\/3260.com.ar\/web\/wp-content\/uploads\/2025\/04\/Muralismo-jpg.jpg","jetpack_sharing_enabled":true,"_links":{"self":[{"href":"https:\/\/3260.com.ar\/web\/wp-json\/wp\/v2\/posts\/8980","targetHints":{"allow":["GET"]}}],"collection":[{"href":"https:\/\/3260.com.ar\/web\/wp-json\/wp\/v2\/posts"}],"about":[{"href":"https:\/\/3260.com.ar\/web\/wp-json\/wp\/v2\/types\/post"}],"author":[{"embeddable":true,"href":"https:\/\/3260.com.ar\/web\/wp-json\/wp\/v2\/users\/3"}],"replies":[{"embeddable":true,"href":"https:\/\/3260.com.ar\/web\/wp-json\/wp\/v2\/comments?post=8980"}],"version-history":[{"count":1,"href":"https:\/\/3260.com.ar\/web\/wp-json\/wp\/v2\/posts\/8980\/revisions"}],"predecessor-version":[{"id":8982,"href":"https:\/\/3260.com.ar\/web\/wp-json\/wp\/v2\/posts\/8980\/revisions\/8982"}],"wp:featuredmedia":[{"embeddable":true,"href":"https:\/\/3260.com.ar\/web\/wp-json\/wp\/v2\/media\/8981"}],"wp:attachment":[{"href":"https:\/\/3260.com.ar\/web\/wp-json\/wp\/v2\/media?parent=8980"}],"wp:term":[{"taxonomy":"category","embeddable":true,"href":"https:\/\/3260.com.ar\/web\/wp-json\/wp\/v2\/categories?post=8980"},{"taxonomy":"post_tag","embeddable":true,"href":"https:\/\/3260.com.ar\/web\/wp-json\/wp\/v2\/tags?post=8980"}],"curies":[{"name":"wp","href":"https:\/\/api.w.org\/{rel}","templated":true}]}}