{"id":8984,"date":"2025-04-06T00:00:00","date_gmt":"2025-04-06T03:00:00","guid":{"rendered":"https:\/\/3260.com.ar\/web\/?p=8984"},"modified":"2025-04-04T21:57:40","modified_gmt":"2025-04-05T00:57:40","slug":"feria-de-la-salud-en-f-c-s-uner","status":"publish","type":"post","link":"https:\/\/3260.com.ar\/web\/feria-de-la-salud-en-f-c-s-uner\/","title":{"rendered":"FERIA DE LA SALUD EN F.C.S UNER"},"content":{"rendered":"\n<p>En el marco del D\u00eda Mundial de la Salud, nuestra Facultad llevar\u00e1 adelante una nueva edici\u00f3n de la Feria de la Salud en sus dos sedes.&nbsp;<\/p>\n\n\n\n<p>En Concepci\u00f3n del Uruguay, ser\u00e1 la d\u00e9cima edici\u00f3n, desarroll\u00e1ndose el 8 de abril de 2025 en el predio de la Facultad, mientras que en Villaguay,&nbsp; ser\u00e1 la cuarta edici\u00f3n y tendr\u00e1 lugar el 24 de abril en la Plaza Ram\u00edrez. Ambas jornadas contar\u00e1n con la participaci\u00f3n de diversas instituciones de salud y educativas.<\/p>\n\n\n\n<p>La Feria tiene como objetivo acercar espacios de promoci\u00f3n de la salud y prevenci\u00f3n de enfermedades a la comunidad, promoviendo una mayor participaci\u00f3n ciudadana y fortaleciendo el v\u00ednculo entre las instituciones p\u00fablicas y organizaciones sociales que abordan tem\u00e1ticas de salud en nuestra regi\u00f3n.<\/p>\n\n\n\n<p>En Concepci\u00f3n del Uruguay, la actividad es organizada por la Facultad de Ciencias de la Salud, el Hospital J.J. de Urquiza, la Municipalidad de Concepci\u00f3n del Uruguay, el CAPS Bajada Grande y el CAPS Giacomotti.&nbsp;<\/p>\n\n\n\n<p>En el caso de Villaguay, la organizaci\u00f3n del evento se lleva adelante en articulaci\u00f3n con la Municipalidad local, el Hospital Santa Rosa y la Direcci\u00f3n Departamental de Escuelas de dicha ciudad.<\/p>\n\n\n\n<p>Las dos locaciones recibir\u00e1n, como todos los a\u00f1os, la visita de estudiantes de distintos niveles educativos de cada ciudad, quienes recorrer\u00e1n los stands y acceder\u00e1n a informaci\u00f3n sobre tem\u00e1ticas de las distintas carreras de la regi\u00f3n, promoviendo el inter\u00e9s por la educaci\u00f3n y la formaci\u00f3n en el \u00e1rea de la salud.&nbsp;<\/p>\n\n\n\n<p>Inscripciones para instituciones educativas interesadas en visitar la Feria deben confirmar al correo electr\u00f3nico difusion.fcs@uner.edu.ar<\/p>\n\n\n\n<figure class=\"wp-block-image size-large\"><a href=\"https:\/\/3260.com.ar\/web\/wp-content\/uploads\/2025\/04\/image-3.png\"><img loading=\"lazy\" decoding=\"async\" width=\"819\" height=\"1024\" src=\"https:\/\/3260.com.ar\/web\/wp-content\/uploads\/2025\/04\/image-3-819x1024.png\" alt=\"\" class=\"wp-image-8986\" srcset=\"https:\/\/3260.com.ar\/web\/wp-content\/uploads\/2025\/04\/image-3-819x1024.png 819w, https:\/\/3260.com.ar\/web\/wp-content\/uploads\/2025\/04\/image-3-240x300.png 240w, https:\/\/3260.com.ar\/web\/wp-content\/uploads\/2025\/04\/image-3-768x960.png 768w, https:\/\/3260.com.ar\/web\/wp-content\/uploads\/2025\/04\/image-3.png 1080w\" sizes=\"auto, (max-width: 819px) 100vw, 819px\" \/><\/a><\/figure>\n","protected":false},"excerpt":{"rendered":"<p>En el marco del D\u00eda Mundial de la Salud, nuestra Facultad llevar\u00e1 adelante una nueva edici\u00f3n de la Feria de la Salud en sus dos sedes.&nbsp; En Concepci\u00f3n del Uruguay, ser\u00e1 la d\u00e9cima edici\u00f3n, desarroll\u00e1ndose el 8 de abril de 2025 en el predio de la Facultad, mientras que en Villaguay,&nbsp; ser\u00e1 la cuarta edici\u00f3n [&hellip;]<\/p>\n","protected":false},"author":3,"featured_media":8985,"comment_status":"closed","ping_status":"closed","sticky":false,"template":"","format":"standard","meta":{"_jetpack_memberships_contains_paid_content":false,"footnotes":"","jetpack_publicize_message":"","jetpack_publicize_feature_enabled":true,"jetpack_social_post_already_shared":true,"jetpack_social_options":{"image_generator_settings":{"template":"highway","default_image_id":0,"enabled":false},"version":2}},"categories":[176],"tags":[60,2326,2517],"class_list":["post-8984","post","type-post","status-publish","format-standard","has-post-thumbnail","hentry","category-educacion","tag-60","tag-fcs-uner","tag-feria-de-salud-2025"],"jetpack_publicize_connections":[],"jetpack_featured_media_url":"https:\/\/3260.com.ar\/web\/wp-content\/uploads\/2025\/04\/Feria-Salud-2025.jpg","jetpack_sharing_enabled":true,"_links":{"self":[{"href":"https:\/\/3260.com.ar\/web\/wp-json\/wp\/v2\/posts\/8984","targetHints":{"allow":["GET"]}}],"collection":[{"href":"https:\/\/3260.com.ar\/web\/wp-json\/wp\/v2\/posts"}],"about":[{"href":"https:\/\/3260.com.ar\/web\/wp-json\/wp\/v2\/types\/post"}],"author":[{"embeddable":true,"href":"https:\/\/3260.com.ar\/web\/wp-json\/wp\/v2\/users\/3"}],"replies":[{"embeddable":true,"href":"https:\/\/3260.com.ar\/web\/wp-json\/wp\/v2\/comments?post=8984"}],"version-history":[{"count":1,"href":"https:\/\/3260.com.ar\/web\/wp-json\/wp\/v2\/posts\/8984\/revisions"}],"predecessor-version":[{"id":8987,"href":"https:\/\/3260.com.ar\/web\/wp-json\/wp\/v2\/posts\/8984\/revisions\/8987"}],"wp:featuredmedia":[{"embeddable":true,"href":"https:\/\/3260.com.ar\/web\/wp-json\/wp\/v2\/media\/8985"}],"wp:attachment":[{"href":"https:\/\/3260.com.ar\/web\/wp-json\/wp\/v2\/media?parent=8984"}],"wp:term":[{"taxonomy":"category","embeddable":true,"href":"https:\/\/3260.com.ar\/web\/wp-json\/wp\/v2\/categories?post=8984"},{"taxonomy":"post_tag","embeddable":true,"href":"https:\/\/3260.com.ar\/web\/wp-json\/wp\/v2\/tags?post=8984"}],"curies":[{"name":"wp","href":"https:\/\/api.w.org\/{rel}","templated":true}]}}