{"id":907,"date":"2020-08-29T18:43:10","date_gmt":"2020-08-29T18:43:10","guid":{"rendered":"http:\/\/3260.com.ar\/web\/?p=907"},"modified":"2020-08-29T18:43:12","modified_gmt":"2020-08-29T18:43:12","slug":"gimnasia-y-municipal-ya-palpitan-el-federal-senior-2021","status":"publish","type":"post","link":"https:\/\/3260.com.ar\/web\/gimnasia-y-municipal-ya-palpitan-el-federal-senior-2021\/","title":{"rendered":"Gimnasia y Municipal ya palpitan el Federal Senior 2021"},"content":{"rendered":"\n<p>El <strong>Club Gimnasia y Esgrima de Concepci\u00f3n del Uruguay<\/strong> se encuentra trabajando para ser una de las sedes del Torneo Federal Senior 2021.<\/p>\n\n\n\n<p>Sobre este proyecto y en el aire de \u2018El Deportivo CdelU\u2019 &#8211; FM98.9 CdelU Sports- dialogaron los anfitriones <strong>Roberto \u2018Grillo\u2019 Germanier<\/strong> y <strong>Guillermo \u2018Yiyo\u2019 Montalbetti<\/strong> junto con <strong>Marcelo \u2018Chino\u2019 R\u00edos<\/strong>, representante de uno de los clubes locales invitados, el Deportivo Municipal.<\/p>\n\n\n\n<p><em>\u201cEste torneo es como la Copa Argentina que jugamos en 2019\u201d<\/em> explic\u00f3 Germanier. \u00a0<em>\u201cEste a\u00f1o fuimos convocados nuevamente, lo hablamos con los compa\u00f1eros del club, nos dieron el OK y empezamos a trabajar\u201d<\/em> complet\u00f3.<\/p>\n\n\n\n<p>Ahondando sobre esta convocatoria, Montalbeti expres\u00f3 que <em>\u201clo que se est\u00e1 haciendo es <strong>federalizar el f\u00fatbol Senior<\/strong>, que las provincias participen un poco m\u00e1s, y por eso nos convocaron a nosotros como sede de este clasificatorio\u201d<\/em>.<\/p>\n\n\n\n<p>Aunque algunos equipos ya oficializaron su participaci\u00f3n, la invitaci\u00f3n sigue abierta. <em>\u201cHoy estar\u00edan confirmados Atl\u00e9tico Uruguay y Mar\u00eda Auxiliadora<\/em> -adem\u00e1s de Municipal-, <em>pero nosotros vamos a darles tiempo para que puedan entrar todos, le damos la prioridad a los equipos de ac\u00e1\u201d<\/em> cont\u00f3 Germanier.<\/p>\n\n\n\n<blockquote class=\"wp-block-quote is-layout-flow wp-block-quote-is-layout-flow\"><p><em>\u201cNosotros vamos a darles tiempo para que puedan entrar todos los equipos, le damos la prioridad a los de ac\u00e1\u201d<\/em><\/p><\/blockquote>\n\n\n\n<p>Tambi\u00e9n faltan concretarse aspectos fundamentales como la cancha y el arbitraje, pero los organizadores conf\u00edan en que todo llegar\u00e1 a buen puerto. <em>\u201cCon los \u00c1rbitros creemos que vamos a llegar a un arreglo, as\u00ed como tambi\u00e9n tenemos que sentarnos a charlar con el club ya que <strong>queremos jugarlo en Gimnasia<\/strong>, en sus tres escenarios <\/em>-principal, auxiliar y el pozo-<em>\u201d<\/em> se\u00f1alaron.<\/p>\n\n\n\n<p>Sin embargo, y ante la aparici\u00f3n de imprevistos, aseguraron que <em>\u201csi no es en Gimnasia lo vamos a hacer en cualquier otro lado, habr\u00e1 que buscar otra cancha\u201d<\/em>. La idea primordial ya est\u00e1 confirmada y es que Concepci\u00f3n sea una de las sedes.<\/p>\n\n\n\n<p><em>\u201cEn esta organizaci\u00f3n <strong>tambi\u00e9n estamos pensando en nuestra ciudad<\/strong>, en que venga gente de afuera y pase esos d\u00edas ac\u00e1 pudiendo usar todo aquello que la ciudad le pueda proveer, ya sea un espect\u00e1culo, una playa o todo lo que pueda haber\u201d<\/em> subray\u00f3 \u2018Yiyo\u2019 al respecto.<\/p>\n\n\n\n<h4 class=\"wp-block-heading\"><strong>Deportivo Municipal, el primero en anotarse.<\/strong><\/h4>\n\n\n\n<p>El entusiasmo de &#8216;el Depor&#8217; se not\u00f3 en las declaraciones de su entrenador Marcelo R\u00edos. <em>\u201cQue Gimnasia llame a un equipo que viene de abajo es todo bueno, es todo crecimiento\u201d<\/em> confes\u00f3, a lo que agreg\u00f3: <em>\u201cse nos est\u00e1 prendiendo la llama nuevamente, nosotros venimos a ser como <strong>la cenicienta del torneo<\/strong>\u201d<\/em>.<\/p>\n\n\n\n<p>Pero esta exaltaci\u00f3n viene acompa\u00f1ada de mucho compromiso. Seg\u00fan sentenci\u00f3 el \u2018Chino\u2019, con el Deportivo Municipal <em>\u201cnos estamos moviendo para armarnos bien y tener un equipo competitivo, si podemos clasificar lo haremos, <strong>no vamos a completar una grilla<\/strong>\u201d<\/em>.<\/p>\n\n\n\n<blockquote class=\"wp-block-quote is-layout-flow wp-block-quote-is-layout-flow\"><p><em>\u201cNos estamos moviendo para tener un equipo competitivo, si podemos clasificar lo haremos, <strong>no vamos a completar una grilla<\/strong>\u201d<\/em><\/p><\/blockquote>\n\n\n\n<p>Respondiendo sobre una posible participaci\u00f3n en una categor\u00eda superior de la Liga Uruguayense, R\u00edos dijo que <em>\u201c<strong>la idea es expandirnos<\/strong>, creo que lleg\u00f3 el momento, lo que quer\u00edamos lograr ya lo tenemos, el equipo de primera, una instituci\u00f3n estable, la sede\u2026 nos falta la cancha nom\u00e1s\u201d<\/em>.<\/p>\n\n\n\n<p>As\u00ed mismo dej\u00f3 en claro que esto se trata de un proyecto a largo plazo, por lo que se permiti\u00f3 expresar uno de sus sue\u00f1os: <em>\u201cYo quiero que dentro de 20 a\u00f1os los gurises anden con la remera de Municipal\u201d<\/em>.<\/p>\n\n\n\n<h4 class=\"wp-block-heading\"><strong>Sobre el campeonato.<\/strong><\/h4>\n\n\n\n<div class=\"wp-block-image\"><figure class=\"aligncenter size-full is-resized\"><img loading=\"lazy\" decoding=\"async\" src=\"http:\/\/3260.com.ar\/web\/wp-content\/uploads\/2020\/08\/WhatsApp-Image-2020-08-28-at-10.25.54.jpeg\" alt=\"\" class=\"wp-image-908\" width=\"320\" height=\"320\" srcset=\"https:\/\/3260.com.ar\/web\/wp-content\/uploads\/2020\/08\/WhatsApp-Image-2020-08-28-at-10.25.54.jpeg 640w, https:\/\/3260.com.ar\/web\/wp-content\/uploads\/2020\/08\/WhatsApp-Image-2020-08-28-at-10.25.54-300x300.jpeg 300w, https:\/\/3260.com.ar\/web\/wp-content\/uploads\/2020\/08\/WhatsApp-Image-2020-08-28-at-10.25.54-150x150.jpeg 150w, https:\/\/3260.com.ar\/web\/wp-content\/uploads\/2020\/08\/WhatsApp-Image-2020-08-28-at-10.25.54-80x80.jpeg 80w\" sizes=\"auto, (max-width: 320px) 100vw, 320px\" \/><\/figure><\/div>\n\n\n\n<p>El Torneo Federal Senior 2021 contar\u00e1 con <strong>16 sedes<\/strong>, una de las cuales le corresponde al\u00a0 Club Gimnasia y Esgrima -hasta el momento es la \u00fanica de Entre R\u00edos-.<\/p>\n\n\n\n<p>La instituci\u00f3n \u2018mensana\u2019 planifica realizar su certamen durante los cl\u00e1sicos d\u00edas feriados de Carnaval, es decir a mediados del mes de Febrero.<\/p>\n\n\n\n<p>El campeonato contar\u00e1 con <strong>3 categor\u00edas competitivas<\/strong>: una de 36 a 42 a\u00f1os de edad (Clase A), otra de 43 a 49 a\u00f1os (Clase B), y una tercera que incluir\u00e1 a los de 50 a\u00f1os en adelante (Clase C).<\/p>\n\n\n\n<p>Seg\u00fan informaron los entrevistados, Gimnasia planea presentar equipos en las tres clases existentes mientras que Deportivo Municipal lo har\u00e1, al menos inicialmente, s\u00f3lo en la menor.<\/p>\n\n\n\n<p>El costo de la inscripci\u00f3n por equipo es de $25.000 (veinticinco mil pesos) pudiendo contar cada plantel con una cantidad m\u00e1xima de 25 jugadores.<\/p>\n\n\n\n<p>La competencia se dividir\u00e1 en dos zonas de cuatro equipos cada una, lo que le asegurar\u00e1 a los participantes la disputa de al menos tres partidos.<\/p>\n\n\n\n<p>Esta eliminatoria clasificar\u00e1 a los dos finalistas de cada zona a la <strong>Copa Federal<\/strong> de la categor\u00eda que planea celebrarse en Diciembre de 2021 en la localidad cordobesa de R\u00edo Cuarto.<\/p>\n\n\n\n<h4 class=\"wp-block-heading\"><strong>La entrevista completa.<\/strong><\/h4>\n\n\n\n<p>La charla de m\u00e1s de una hora de duraci\u00f3n entre los referentes de ambos clubes y los conductores de la emisi\u00f3n radial <strong>Ariel Besel<\/strong> y <strong>Jos\u00e9 Mar\u00eda Poggio<\/strong> se encuentra disponible en la Fan Page de CdelU Sports.<\/p>\n\n\n\n<p>A continuaci\u00f3n dejamos el v\u00ednculo para acceder a ella y, si a\u00fan no lo has hecho, comenzar a presenciar sus transmisiones d\u00e1ndole \u201cMe gusta\u201d y \u201cSeguir\u201d a la radio deportiva de Concepci\u00f3n del Uruguay.<\/p>\n\n\n\n<p><a href=\"https:\/\/www.facebook.com\/cdelusports\" target=\"_blank\" rel=\"noreferrer noopener\">Facebook.com\/cdelusports<\/a><\/p>\n","protected":false},"excerpt":{"rendered":"<p>El Club Gimnasia y Esgrima de Concepci\u00f3n del Uruguay se encuentra trabajando para ser una de las sedes del Torneo Federal Senior 2021. Sobre este proyecto y en el aire de \u2018El Deportivo CdelU\u2019 &#8211; FM98.9 CdelU Sports- dialogaron los anfitriones Roberto \u2018Grillo\u2019 Germanier y Guillermo \u2018Yiyo\u2019 Montalbetti junto con Marcelo \u2018Chino\u2019 R\u00edos, representante de [&hellip;]<\/p>\n","protected":false},"author":2,"featured_media":909,"comment_status":"open","ping_status":"open","sticky":false,"template":"","format":"video","meta":{"_jetpack_memberships_contains_paid_content":false,"footnotes":"","jetpack_publicize_message":"","jetpack_publicize_feature_enabled":true,"jetpack_social_post_already_shared":true,"jetpack_social_options":{"image_generator_settings":{"template":"highway","default_image_id":0,"enabled":false},"version":2}},"categories":[173],"tags":[60,390,222,220,389,391],"class_list":["post-907","post","type-post","status-publish","format-video","has-post-thumbnail","hentry","category-deportes","tag-60","tag-deportivo-municipal","tag-futbol","tag-gimnasia","tag-senior","tag-torneo-federal-senior","post_format-post-format-video"],"jetpack_publicize_connections":[],"jetpack_featured_media_url":"https:\/\/3260.com.ar\/web\/wp-content\/uploads\/2020\/08\/federal_senior.gif","jetpack_sharing_enabled":true,"_links":{"self":[{"href":"https:\/\/3260.com.ar\/web\/wp-json\/wp\/v2\/posts\/907","targetHints":{"allow":["GET"]}}],"collection":[{"href":"https:\/\/3260.com.ar\/web\/wp-json\/wp\/v2\/posts"}],"about":[{"href":"https:\/\/3260.com.ar\/web\/wp-json\/wp\/v2\/types\/post"}],"author":[{"embeddable":true,"href":"https:\/\/3260.com.ar\/web\/wp-json\/wp\/v2\/users\/2"}],"replies":[{"embeddable":true,"href":"https:\/\/3260.com.ar\/web\/wp-json\/wp\/v2\/comments?post=907"}],"version-history":[{"count":0,"href":"https:\/\/3260.com.ar\/web\/wp-json\/wp\/v2\/posts\/907\/revisions"}],"wp:featuredmedia":[{"embeddable":true,"href":"https:\/\/3260.com.ar\/web\/wp-json\/wp\/v2\/media\/909"}],"wp:attachment":[{"href":"https:\/\/3260.com.ar\/web\/wp-json\/wp\/v2\/media?parent=907"}],"wp:term":[{"taxonomy":"category","embeddable":true,"href":"https:\/\/3260.com.ar\/web\/wp-json\/wp\/v2\/categories?post=907"},{"taxonomy":"post_tag","embeddable":true,"href":"https:\/\/3260.com.ar\/web\/wp-json\/wp\/v2\/tags?post=907"}],"curies":[{"name":"wp","href":"https:\/\/api.w.org\/{rel}","templated":true}]}}