{"id":9182,"date":"2025-05-07T21:52:29","date_gmt":"2025-05-08T00:52:29","guid":{"rendered":"https:\/\/3260.com.ar\/web\/?p=9182"},"modified":"2025-05-06T21:59:10","modified_gmt":"2025-05-07T00:59:10","slug":"taller-apicola-en-inta","status":"publish","type":"post","link":"https:\/\/3260.com.ar\/web\/taller-apicola-en-inta\/","title":{"rendered":"TALLER AP\u00cdCOLA EN INTA"},"content":{"rendered":"\n<p>La Estaci\u00f3n experimental del I.N.T.A de Concepci\u00f3n del Uruguay situada en Ruta 39 &#8211; km 143,5 organiza una jornada taller de capacitaci\u00f3n para la actividad AP\u00cdCOLA el pr\u00f3ximo 20 de mayo de 2025 desde las 9.30 hs.<\/p>\n\n\n\n<p>Temario:<\/p>\n\n\n\n<p><img loading=\"lazy\" decoding=\"async\" height=\"16\" width=\"16\" alt=\"\u25aa\ufe0f\" src=\"https:\/\/static.xx.fbcdn.net\/images\/emoji.php\/v9\/t4c\/1\/16\/25aa.png\">Presentaci\u00f3n del Apiario Demostrativo (EEA Concepci\u00f3n del Uruguay y la Red de Unidades Demostrativas (Tec. Matias Haag y Natalia Messina)<\/p>\n\n\n\n<p><img loading=\"lazy\" decoding=\"async\" height=\"16\" width=\"16\" alt=\"\u25aa\ufe0f\" src=\"https:\/\/static.xx.fbcdn.net\/images\/emoji.php\/v9\/t4c\/1\/16\/25aa.png\">Proyecto Local \u201cContribuci\u00f3n a la comercializaci\u00f3n de mieles y otros productos de la colmena del bajo R\u00edo Uruguay, diferenciados\u201d (Emanuel Caluva y Daniel Primost)<\/p>\n\n\n\n<p><img loading=\"lazy\" decoding=\"async\" height=\"16\" width=\"16\" alt=\"\u25aa\ufe0f\" src=\"https:\/\/static.xx.fbcdn.net\/images\/emoji.php\/v9\/t4c\/1\/16\/25aa.png\">Preparaci\u00f3n para la invernada (Tec. Matias Haag)<\/p>\n\n\n\n<p><img loading=\"lazy\" decoding=\"async\" height=\"16\" width=\"16\" alt=\"\u25aa\ufe0f\" src=\"https:\/\/static.xx.fbcdn.net\/images\/emoji.php\/v9\/t4c\/1\/16\/25aa.png\">SALIDA A CAMPO . visita al apiario demostrativo<\/p>\n\n\n\n<p>*Entrada libre y gratuita con inscripci\u00f3n previa en* <a href=\"https:\/\/forms.gle\/t3ebpHGVikFzzrFb8?fbclid=IwZXh0bgNhZW0CMTAAYnJpZBExS01CaU9paTU1bjBvZXNaNQEe1CcG81g0HNl4O2IZ6R8JvN3n7hnmeulT9uWr2jTns9_KlSAP5I1QRIg6F0M_aem_YVMnH_ctgoFVmTmItEFDIg\" rel=\"noreferrer noopener\" target=\"_blank\">https:\/\/forms.gle\/t3ebpHGVikFzzrFb8<\/a><\/p>\n\n\n\n<p>Los organizadores solicitan a los participantes que lleguen provistos del traje ap\u00edcola. <\/p>\n\n\n\n<p>NO SE SUSPENDE POR LLUVIA <\/p>\n\n\n\n<figure class=\"wp-block-image size-large\"><a href=\"https:\/\/3260.com.ar\/web\/wp-content\/uploads\/2025\/05\/image-6.png\"><img loading=\"lazy\" decoding=\"async\" width=\"820\" height=\"1024\" src=\"https:\/\/3260.com.ar\/web\/wp-content\/uploads\/2025\/05\/image-6-820x1024.png\" alt=\"\" class=\"wp-image-9183\" srcset=\"https:\/\/3260.com.ar\/web\/wp-content\/uploads\/2025\/05\/image-6-820x1024.png 820w, https:\/\/3260.com.ar\/web\/wp-content\/uploads\/2025\/05\/image-6-240x300.png 240w, https:\/\/3260.com.ar\/web\/wp-content\/uploads\/2025\/05\/image-6-768x959.png 768w, https:\/\/3260.com.ar\/web\/wp-content\/uploads\/2025\/05\/image-6.png 1080w\" sizes=\"auto, (max-width: 820px) 100vw, 820px\" \/><\/a><\/figure>\n","protected":false},"excerpt":{"rendered":"<p>La Estaci\u00f3n experimental del I.N.T.A de Concepci\u00f3n del Uruguay situada en Ruta 39 &#8211; km 143,5 organiza una jornada taller de capacitaci\u00f3n para la actividad AP\u00cdCOLA el pr\u00f3ximo 20 de mayo de 2025 desde las 9.30 hs. Temario: Presentaci\u00f3n del Apiario Demostrativo (EEA Concepci\u00f3n del Uruguay y la Red de Unidades Demostrativas (Tec. Matias Haag [&hellip;]<\/p>\n","protected":false},"author":3,"featured_media":9184,"comment_status":"closed","ping_status":"closed","sticky":false,"template":"","format":"standard","meta":{"_jetpack_memberships_contains_paid_content":false,"footnotes":"","jetpack_publicize_message":"","jetpack_publicize_feature_enabled":true,"jetpack_social_post_already_shared":true,"jetpack_social_options":{"image_generator_settings":{"template":"highway","default_image_id":0,"enabled":false},"version":2}},"categories":[176],"tags":[60,886,2568],"class_list":["post-9182","post","type-post","status-publish","format-standard","has-post-thumbnail","hentry","category-educacion","tag-60","tag-inta","tag-taller-apicola"],"jetpack_publicize_connections":[],"jetpack_featured_media_url":"https:\/\/3260.com.ar\/web\/wp-content\/uploads\/2025\/05\/Abejas.jpg","jetpack_sharing_enabled":true,"_links":{"self":[{"href":"https:\/\/3260.com.ar\/web\/wp-json\/wp\/v2\/posts\/9182","targetHints":{"allow":["GET"]}}],"collection":[{"href":"https:\/\/3260.com.ar\/web\/wp-json\/wp\/v2\/posts"}],"about":[{"href":"https:\/\/3260.com.ar\/web\/wp-json\/wp\/v2\/types\/post"}],"author":[{"embeddable":true,"href":"https:\/\/3260.com.ar\/web\/wp-json\/wp\/v2\/users\/3"}],"replies":[{"embeddable":true,"href":"https:\/\/3260.com.ar\/web\/wp-json\/wp\/v2\/comments?post=9182"}],"version-history":[{"count":1,"href":"https:\/\/3260.com.ar\/web\/wp-json\/wp\/v2\/posts\/9182\/revisions"}],"predecessor-version":[{"id":9185,"href":"https:\/\/3260.com.ar\/web\/wp-json\/wp\/v2\/posts\/9182\/revisions\/9185"}],"wp:featuredmedia":[{"embeddable":true,"href":"https:\/\/3260.com.ar\/web\/wp-json\/wp\/v2\/media\/9184"}],"wp:attachment":[{"href":"https:\/\/3260.com.ar\/web\/wp-json\/wp\/v2\/media?parent=9182"}],"wp:term":[{"taxonomy":"category","embeddable":true,"href":"https:\/\/3260.com.ar\/web\/wp-json\/wp\/v2\/categories?post=9182"},{"taxonomy":"post_tag","embeddable":true,"href":"https:\/\/3260.com.ar\/web\/wp-json\/wp\/v2\/tags?post=9182"}],"curies":[{"name":"wp","href":"https:\/\/api.w.org\/{rel}","templated":true}]}}