{"id":9329,"date":"2025-06-01T00:04:00","date_gmt":"2025-06-01T03:04:00","guid":{"rendered":"https:\/\/3260.com.ar\/web\/?p=9329"},"modified":"2025-05-31T14:52:06","modified_gmt":"2025-05-31T17:52:06","slug":"1-de-junio-dia-de-la-provincia-de-tierra-del-fuego-antartida-e-islas-del-atlantico-sur","status":"publish","type":"post","link":"https:\/\/3260.com.ar\/web\/1-de-junio-dia-de-la-provincia-de-tierra-del-fuego-antartida-e-islas-del-atlantico-sur\/","title":{"rendered":"1 DE JUNIO DIA DE LA PROVINCIA DE TIERRA DEL FUEGO, ANT\u00c1RTIDA E ISLAS DEL ATL\u00c1NTICO SUR"},"content":{"rendered":"\n<p>El 1\u00b0 de junio de 1991 se jur\u00f3 la\u00a0<strong>Constituci\u00f3n Provincial<\/strong>, culminaci\u00f3n del proceso de fundaci\u00f3n de la provincia m\u00e1s joven de Argentina. <\/p>\n\n\n\n<p>La Provincia de Tierra del Fuego, Ant\u00e1rtida e Islas del Atl\u00e1ntico Sur cumple 34 a\u00f1os de existencia, un proceso que se inici\u00f3 all\u00e1 por 1954 y que culmin\u00f3 con la jura de la Constituci\u00f3n Provincial como punto originario de su autonom\u00eda institucional.<\/p>\n\n\n\n<p>Si bien muchos tienden a confundir la sanci\u00f3n de la Ley Nacional N\u00ba 23.775 aprobada por el Congreso Nacional el 26 de abril de 1990 como fecha de nacimiento de la provincia, no es hasta el 1 de junio de 1991 con la aprobaci\u00f3n de la Constituci\u00f3n Provincial donde se establece definitivamente el marco institucional que determina el nacimiento de la nueva provincia.<\/p>\n\n\n\n<p>El 12 de octubre de 1984, que se vuelve a promover la provincializaci\u00f3n y esta vez fue el mism\u00edsimo Presidente de la Naci\u00f3n Don Ra\u00fal Alfons\u00edn, quien de visita en Ushuaia anunciaba que hab\u00eda dado instrucciones de comenzar el proceso de provincializaci\u00f3n de Tierra del Fuego.  Tierra del Fuego pas\u00f3 de ser un territorio nacional a una provincia argentina.\u00a0Esto se concret\u00f3 a trav\u00e9s de la Ley 23.512\/1987, como parte del \u00abProyecto Patagonia\u00bb, que buscaba fortalecer la soberan\u00eda argentina en la regi\u00f3n.\u00a0La ley tambi\u00e9n abord\u00f3 la situaci\u00f3n de la Ant\u00e1rtida e Islas del Atl\u00e1ntico Sur<\/p>\n\n\n\n<p>Es la primera\u00a0<strong>Legislatura Provincial<\/strong>\u00a0quien determina, el 23 de abril de 1992 que el\u00a0<strong>1\u00b0 de Junio<\/strong>\u00a0ser\u00e1 recordado como el\u00a0<strong>\u00abD\u00eda de la Provincia de Tierra del Fuego, Ant\u00e1rtida e Islas del Atl\u00e1ntico Sur\u00bb<\/strong>, sancionando la Ley N\u00ba 7.<\/p>\n\n\n\n<figure class=\"wp-block-image size-full is-resized\"><a href=\"https:\/\/3260.com.ar\/web\/wp-content\/uploads\/2025\/05\/image-48.png\"><img loading=\"lazy\" decoding=\"async\" width=\"304\" height=\"164\" src=\"https:\/\/3260.com.ar\/web\/wp-content\/uploads\/2025\/05\/image-48.png\" alt=\"\" class=\"wp-image-9331\" style=\"width:300px;height:auto\" srcset=\"https:\/\/3260.com.ar\/web\/wp-content\/uploads\/2025\/05\/image-48.png 304w, https:\/\/3260.com.ar\/web\/wp-content\/uploads\/2025\/05\/image-48-300x162.png 300w\" sizes=\"auto, (max-width: 304px) 100vw, 304px\" \/><\/a><\/figure>\n\n\n\n<figure class=\"wp-block-image size-full is-resized\"><a href=\"https:\/\/3260.com.ar\/web\/wp-content\/uploads\/2025\/05\/image-49.png\"><img loading=\"lazy\" decoding=\"async\" width=\"177\" height=\"150\" src=\"https:\/\/3260.com.ar\/web\/wp-content\/uploads\/2025\/05\/image-49.png\" alt=\"\" class=\"wp-image-9332\" style=\"width:298px;height:auto\"\/><\/a><\/figure>\n\n\n\n<figure class=\"wp-block-image size-full is-resized\"><a href=\"https:\/\/3260.com.ar\/web\/wp-content\/uploads\/2025\/05\/image-50.png\"><img loading=\"lazy\" decoding=\"async\" width=\"417\" height=\"252\" src=\"https:\/\/3260.com.ar\/web\/wp-content\/uploads\/2025\/05\/image-50.png\" alt=\"\" class=\"wp-image-9333\" style=\"width:300px;height:auto\" srcset=\"https:\/\/3260.com.ar\/web\/wp-content\/uploads\/2025\/05\/image-50.png 417w, https:\/\/3260.com.ar\/web\/wp-content\/uploads\/2025\/05\/image-50-300x181.png 300w\" sizes=\"auto, (max-width: 417px) 100vw, 417px\" \/><\/a><\/figure>\n","protected":false},"excerpt":{"rendered":"<p>El 1\u00b0 de junio de 1991 se jur\u00f3 la\u00a0Constituci\u00f3n Provincial, culminaci\u00f3n del proceso de fundaci\u00f3n de la provincia m\u00e1s joven de Argentina. La Provincia de Tierra del Fuego, Ant\u00e1rtida e Islas del Atl\u00e1ntico Sur cumple 34 a\u00f1os de existencia, un proceso que se inici\u00f3 all\u00e1 por 1954 y que culmin\u00f3 con la jura de la [&hellip;]<\/p>\n","protected":false},"author":3,"featured_media":9330,"comment_status":"closed","ping_status":"closed","sticky":false,"template":"","format":"standard","meta":{"_jetpack_memberships_contains_paid_content":false,"footnotes":"","jetpack_publicize_message":"","jetpack_publicize_feature_enabled":true,"jetpack_social_post_already_shared":true,"jetpack_social_options":{"image_generator_settings":{"template":"highway","default_image_id":0,"enabled":false},"version":2}},"categories":[175],"tags":[60,2601,2599],"class_list":["post-9329","post","type-post","status-publish","format-standard","has-post-thumbnail","hentry","category-turismo","tag-60","tag-presidente-raul-alfonsin","tag-provincia-de-tierra-del-fuego"],"jetpack_publicize_connections":[],"jetpack_featured_media_url":"https:\/\/3260.com.ar\/web\/wp-content\/uploads\/2025\/05\/Tierra-del-Fuego.png","jetpack_sharing_enabled":true,"_links":{"self":[{"href":"https:\/\/3260.com.ar\/web\/wp-json\/wp\/v2\/posts\/9329","targetHints":{"allow":["GET"]}}],"collection":[{"href":"https:\/\/3260.com.ar\/web\/wp-json\/wp\/v2\/posts"}],"about":[{"href":"https:\/\/3260.com.ar\/web\/wp-json\/wp\/v2\/types\/post"}],"author":[{"embeddable":true,"href":"https:\/\/3260.com.ar\/web\/wp-json\/wp\/v2\/users\/3"}],"replies":[{"embeddable":true,"href":"https:\/\/3260.com.ar\/web\/wp-json\/wp\/v2\/comments?post=9329"}],"version-history":[{"count":1,"href":"https:\/\/3260.com.ar\/web\/wp-json\/wp\/v2\/posts\/9329\/revisions"}],"predecessor-version":[{"id":9334,"href":"https:\/\/3260.com.ar\/web\/wp-json\/wp\/v2\/posts\/9329\/revisions\/9334"}],"wp:featuredmedia":[{"embeddable":true,"href":"https:\/\/3260.com.ar\/web\/wp-json\/wp\/v2\/media\/9330"}],"wp:attachment":[{"href":"https:\/\/3260.com.ar\/web\/wp-json\/wp\/v2\/media?parent=9329"}],"wp:term":[{"taxonomy":"category","embeddable":true,"href":"https:\/\/3260.com.ar\/web\/wp-json\/wp\/v2\/categories?post=9329"},{"taxonomy":"post_tag","embeddable":true,"href":"https:\/\/3260.com.ar\/web\/wp-json\/wp\/v2\/tags?post=9329"}],"curies":[{"name":"wp","href":"https:\/\/api.w.org\/{rel}","templated":true}]}}