{"id":9344,"date":"2025-06-14T20:00:00","date_gmt":"2025-06-14T23:00:00","guid":{"rendered":"https:\/\/3260.com.ar\/web\/?p=9344"},"modified":"2025-06-14T21:01:31","modified_gmt":"2025-06-15T00:01:31","slug":"38-fiesta-nacional-de-la-colonizacion","status":"publish","type":"post","link":"https:\/\/3260.com.ar\/web\/38-fiesta-nacional-de-la-colonizacion\/","title":{"rendered":"38\u00b0 FIESTA NACIONAL DE LA COLONIZACI\u00d3N"},"content":{"rendered":"\n<p>La ciudad de San Jos\u00e9 (E.R) se fund\u00f3 en 1857, cuando el  contingente de inmigrantes suizos, franceses e italianos llegados a la regi\u00f3n tomaron la iniciativa.<\/p>\n\n\n\n<p>El pueblo sanjosesino desaf\u00eda el tiempo y revive la epopeya de sus fundadores provenientes de Italia, Suiza y Francia, que arriesgando todo se instalaron en la zona por iniciativa del General Justo Jos\u00e9 de Urquiza. La Fiesta Nacional de la Colonizaci\u00f3n recuerda con j\u00fabilo las vivencias de aquel grupo colonizador.<\/p>\n\n\n\n<p>El evento est\u00e1 compuesto por tres d\u00edas de festejos en los que se presentan, espect\u00e1culos art\u00edsticos, deportivos, actuaciones de bandas locales y de \u00edndole nacional, carpas de emprendimientos, de artesanos, de comidas regionales y, el broche de oro, un desfile evocativo alrededor de la Plaza Urquiza, con carrozas y estampas que muestran vestimentas t\u00edpicas y antiguas costumbres.<\/p>\n\n\n\n<p><strong><em>GRILLA COMPLETA DE ACTIVIDADES:<\/em><\/strong><\/p>\n\n\n\n<h5 class=\"wp-block-heading\"><strong>DOMINGO 29 DE JUNIO<\/strong> DE 2025<\/h5>\n\n\n\n<p>09:00 Hs. MARAT\u00d3N DE LA COLONIZACI\u00d3N<br>Lugar: Plaza General Justo Jos\u00e9 de Urquiza<br>09:00 Hs. TORNEO DE PESCA<br>Lugar: Balneario Camping San Jos\u00e9.<\/p>\n\n\n\n<h5 class=\"wp-block-heading\"><strong>MI\u00c9RCOLES 2 DE JULIO<\/strong> DE 2025<\/h5>\n\n\n\n<p>08:00 Campanadas<br>09:00 Ofrenda Floral en Cementerio<br>14:30 Hs. DESFILE INSTITUCIONAL<br>Lugar: Plaza General Justo Jos\u00e9 de Urquiza<\/p>\n\n\n\n<h5 class=\"wp-block-heading\"><strong>VIERNES 4 DE JULIO<\/strong> DE 2025<\/h5>\n\n\n\n<p>18:00 Hs. APERTURA PREDIO MULTIEVENTOS<br><strong>21:00 Hs. NOCHE DE PE\u00d1A<\/strong><br>Ballet<br>Ritmo Inmigrante<br>El Patr\u00f3n del Chamam\u00e9<br>HUGO NIKEL<br>Lugar: Predio Multieventos.<\/p>\n\n\n\n<h5 class=\"wp-block-heading\"><strong>S\u00c1BADO 5 DE JULIO<\/strong> DE 2025<\/h5>\n\n\n\n<p>09:00 a 18:00 Hs. TORNEO DE TIRO<br>Lugar: Tiro Federal Argentino San Jos\u00e9.<\/p>\n\n\n\n<p>11:00 Hs. APERTURA PREDIO MULTIEVENTOS<br>Artesanos<br>Emprendedore<br>Sector Recreativo<br>Gran Paseo Gastron\u00f3mico<br>Expo Autos y Motos Antiguas<br>11:30 Hs. ALMUERZO POPULAR<br>Pablo Ghilini Aires del Litoral<br>Los del Este<br>Los Amigos Alemanes<br>Hern\u00e1n Paz<br>18:00 PLATO T\u00cdPICO EN EL AND\u00c9N.<br>18:00 Hs. ESCENARIO MAYOR<br>18:15 Hs. Gera Bourlot<br>18:45 Hs. Fusi\u00f3n Inmigrante<br>19:45 Hs. Pitu Otero<br><strong>21:00 Hs. ABEL PINTOS<\/strong><\/p>\n\n\n\n<h5 class=\"wp-block-heading\"><strong>DOMINGO 6 DE JULIO<\/strong> DE 2025<\/h5>\n\n\n\n<p>09:00 A 12:00 TORNEO DE TIRO<br>Lugar: Tiro Federal Argentino San Jos\u00e9.<\/p>\n\n\n\n<p><strong>14:00 DESFILE EVOCATIVO<\/strong><br>Lugar: Plaza General Urquiza<\/p>\n\n\n\n<p>11:00 Hs. APERTURA PREDIO MULTIEVENTOS<br>Artesanos<br>Emprendedore<br>Sector Recreativo<br>Gran Paseo Gastron\u00f3mico<br>Expo Autos y Motos Antiguas<br>18:00 Hs. ESCENARIO MAYOR<br>18:00 Mandale Fruta<br>19:00 La Cuarentona<br><strong>20:00 LA NUEVA LUNA<br>21:00 TAMB\u00d3 TAMB\u00d3<\/strong><\/p>\n\n\n\n<figure class=\"wp-block-image size-full\"><a href=\"https:\/\/3260.com.ar\/web\/wp-content\/uploads\/2025\/06\/image-2.png\"><img loading=\"lazy\" decoding=\"async\" width=\"665\" height=\"830\" src=\"https:\/\/3260.com.ar\/web\/wp-content\/uploads\/2025\/06\/image-2.png\" alt=\"\" class=\"wp-image-9346\" srcset=\"https:\/\/3260.com.ar\/web\/wp-content\/uploads\/2025\/06\/image-2.png 665w, https:\/\/3260.com.ar\/web\/wp-content\/uploads\/2025\/06\/image-2-240x300.png 240w\" sizes=\"auto, (max-width: 665px) 100vw, 665px\" \/><\/a><\/figure>\n","protected":false},"excerpt":{"rendered":"<p>La ciudad de San Jos\u00e9 (E.R) se fund\u00f3 en 1857, cuando el contingente de inmigrantes suizos, franceses e italianos llegados a la regi\u00f3n tomaron la iniciativa. El pueblo sanjosesino desaf\u00eda el tiempo y revive la epopeya de sus fundadores provenientes de Italia, Suiza y Francia, que arriesgando todo se instalaron en la zona por iniciativa [&hellip;]<\/p>\n","protected":false},"author":3,"featured_media":9345,"comment_status":"closed","ping_status":"closed","sticky":false,"template":"","format":"standard","meta":{"_jetpack_memberships_contains_paid_content":false,"footnotes":"","jetpack_publicize_message":"","jetpack_publicize_feature_enabled":true,"jetpack_social_post_already_shared":true,"jetpack_social_options":{"image_generator_settings":{"template":"highway","default_image_id":0,"enabled":false},"version":2}},"categories":[175],"tags":[60,2605,2606],"class_list":["post-9344","post","type-post","status-publish","format-standard","has-post-thumbnail","hentry","category-turismo","tag-60","tag-fiesta-nacional-de-la-colonizacion","tag-san-jose-entre-rios"],"jetpack_publicize_connections":[],"jetpack_featured_media_url":"https:\/\/3260.com.ar\/web\/wp-content\/uploads\/2025\/06\/San-JOse-Desfile-Colonizacion.jpg","jetpack_sharing_enabled":true,"_links":{"self":[{"href":"https:\/\/3260.com.ar\/web\/wp-json\/wp\/v2\/posts\/9344","targetHints":{"allow":["GET"]}}],"collection":[{"href":"https:\/\/3260.com.ar\/web\/wp-json\/wp\/v2\/posts"}],"about":[{"href":"https:\/\/3260.com.ar\/web\/wp-json\/wp\/v2\/types\/post"}],"author":[{"embeddable":true,"href":"https:\/\/3260.com.ar\/web\/wp-json\/wp\/v2\/users\/3"}],"replies":[{"embeddable":true,"href":"https:\/\/3260.com.ar\/web\/wp-json\/wp\/v2\/comments?post=9344"}],"version-history":[{"count":1,"href":"https:\/\/3260.com.ar\/web\/wp-json\/wp\/v2\/posts\/9344\/revisions"}],"predecessor-version":[{"id":9347,"href":"https:\/\/3260.com.ar\/web\/wp-json\/wp\/v2\/posts\/9344\/revisions\/9347"}],"wp:featuredmedia":[{"embeddable":true,"href":"https:\/\/3260.com.ar\/web\/wp-json\/wp\/v2\/media\/9345"}],"wp:attachment":[{"href":"https:\/\/3260.com.ar\/web\/wp-json\/wp\/v2\/media?parent=9344"}],"wp:term":[{"taxonomy":"category","embeddable":true,"href":"https:\/\/3260.com.ar\/web\/wp-json\/wp\/v2\/categories?post=9344"},{"taxonomy":"post_tag","embeddable":true,"href":"https:\/\/3260.com.ar\/web\/wp-json\/wp\/v2\/tags?post=9344"}],"curies":[{"name":"wp","href":"https:\/\/api.w.org\/{rel}","templated":true}]}}