{"id":9375,"date":"2025-06-08T19:59:31","date_gmt":"2025-06-08T22:59:31","guid":{"rendered":"https:\/\/3260.com.ar\/web\/?p=9375"},"modified":"2025-06-08T19:59:32","modified_gmt":"2025-06-08T22:59:32","slug":"camara-entrerriana-de-turismo","status":"publish","type":"post","link":"https:\/\/3260.com.ar\/web\/camara-entrerriana-de-turismo\/","title":{"rendered":"C\u00c1MARA ENTRERRIANA DE TURISMO"},"content":{"rendered":"\n<p>Entre los prestadores de servicios tur\u00edsticos entrerrianos, m\u00e1s  all\u00e1 del anunciado PASAPORTE ENTRE RIOS analizan con preocupaci\u00f3n los indicadores reales que alarman a la c\u00e1mara que los nuclea.<\/p>\n\n\n\n<p>La C\u00e1mara que preside Juan Acedo hizo llegar a nuestra redacci\u00f3n el documento p\u00fablico en que  reflejan la cr\u00edtica situaci\u00f3n, apuntando al gobierno provincial. Con contundencia, hablan de \u201cla estocada final. De la ilusi\u00f3n a la m\u00e1s profunda decepci\u00f3n\u201d.<\/p>\n\n\n\n<p>\u201cHace 3 d\u00edas el gobierno provincial anunciaba con bombos y platillos la reducci\u00f3n del 1% de la tasa de fiscalizaci\u00f3n del EPRE para los usuarios residenciales y comerciales entrerrianos, llev\u00e1ndola del 1,8% al 0,8%. Algo que para el sector tur\u00edstico provincial no significa nada, desde el punto de vista de los gastos m\u00e1s importantes y onerosos que tiene, pero que en definitiva hac\u00eda prever una posible concientizaci\u00f3n del arco pol\u00edtico por permitir la subsistencia de nuestra noble actividad. Pero eso solo fue una dosis de anestesia para la operaci\u00f3n que se ten\u00eda prevista, aumentar el costo de la energ\u00eda a partir del mismo mes con valores de entre un 4,6% y un 8% (seg\u00fan la tarifa contratada)\u201d, expresan.<\/p>\n\n\n\n<p>Por otra parte, el sector plantea que es \u201cun inicio de mes incierto por el nulo porcentaje de reservas y consultas para los pr\u00f3ximos fines de semana largos que tenemos por delante\u201d.<\/p>\n\n\n\n<p>\u201cEs a diario que leemos que se encuentran en venta complejos de caba\u00f1as y bungalows, como as\u00ed tambi\u00e9n peque\u00f1os hoteles y residenciales, en ciudades que supieron ser prometedoras, donde los asalariados de las grandes urbes invert\u00edan su dinero en el sector tur\u00edstico como fondo de retiro, creyendo que era una fuente interminable de ingresos y que el acompa\u00f1amiento del estado, como socio, garantizaba estabilidad y bienestar a futuro. Hoy las cosas distan enormemente de este ideal\u201d, agregaron.<\/p>\n\n\n\n<p>Los referentes de Turismo hacen menci\u00f3n, adem\u00e1s, a la \u201cla presi\u00f3n fiscal asfixiante, siempre justificada en que responden a decisiones nacionales que han afectado la econom\u00eda provincial. El costo de energ\u00eda m\u00e1s alto del pa\u00eds, manejado y fijado por quienes cobran los sueldos m\u00e1s altos de la provincia\u201d.<\/p>\n\n\n\n<p>Tambi\u00e9n cuestionan \u201cla falta de fondos para promocionar tur\u00edsticamente nuestra provincia, pero que existen para promocionar las acciones de gobierno, que solo traen beneficios pol\u00edticos a quienes est\u00e1n interesados pero que no beneficia a ninguna econom\u00eda ni a los votantes rasos\u201d.<\/p>\n\n\n\n<p>Por \u00faltimo el tramo m\u00e1s duro refiere a las promesas incumplidas, a gestiones estancadas y a la \u201cpresi\u00f3n sobre la dirigencia gremial empresaria, usando hasta las m\u00e1s viles tretas para acallar a uno de los sectores m\u00e1s castigados de la econom\u00eda provincial\u201d.<\/p>\n\n\n\n<p>\u201cLo que ni una pandemia pudo lograr, hoy lo est\u00e1n consiguiendo los pol\u00edticos que vinieron a cambiar nuestra vida. QUEBRARNOS\u201d, concluyeron.<\/p>\n\n\n\n<figure class=\"wp-block-image size-full is-resized\"><a href=\"https:\/\/3260.com.ar\/web\/wp-content\/uploads\/2025\/06\/image-12.png\"><img loading=\"lazy\" decoding=\"async\" width=\"576\" height=\"663\" src=\"https:\/\/3260.com.ar\/web\/wp-content\/uploads\/2025\/06\/image-12.png\" alt=\"\" class=\"wp-image-9377\" style=\"width:483px;height:auto\" srcset=\"https:\/\/3260.com.ar\/web\/wp-content\/uploads\/2025\/06\/image-12.png 576w, https:\/\/3260.com.ar\/web\/wp-content\/uploads\/2025\/06\/image-12-261x300.png 261w\" sizes=\"auto, (max-width: 576px) 100vw, 576px\" \/><\/a><\/figure>\n\n\n\n<figure class=\"wp-block-image size-full is-resized\"><a href=\"https:\/\/3260.com.ar\/web\/wp-content\/uploads\/2025\/06\/image-13.png\"><img loading=\"lazy\" decoding=\"async\" width=\"515\" height=\"449\" src=\"https:\/\/3260.com.ar\/web\/wp-content\/uploads\/2025\/06\/image-13.png\" alt=\"\" class=\"wp-image-9378\" style=\"width:484px;height:auto\" srcset=\"https:\/\/3260.com.ar\/web\/wp-content\/uploads\/2025\/06\/image-13.png 515w, https:\/\/3260.com.ar\/web\/wp-content\/uploads\/2025\/06\/image-13-300x262.png 300w\" sizes=\"auto, (max-width: 515px) 100vw, 515px\" \/><\/a><\/figure>\n","protected":false},"excerpt":{"rendered":"<p>Entre los prestadores de servicios tur\u00edsticos entrerrianos, m\u00e1s all\u00e1 del anunciado PASAPORTE ENTRE RIOS analizan con preocupaci\u00f3n los indicadores reales que alarman a la c\u00e1mara que los nuclea. La C\u00e1mara que preside Juan Acedo hizo llegar a nuestra redacci\u00f3n el documento p\u00fablico en que reflejan la cr\u00edtica situaci\u00f3n, apuntando al gobierno provincial. Con contundencia, hablan [&hellip;]<\/p>\n","protected":false},"author":3,"featured_media":9376,"comment_status":"closed","ping_status":"closed","sticky":false,"template":"","format":"standard","meta":{"_jetpack_memberships_contains_paid_content":false,"footnotes":"","jetpack_publicize_message":"","jetpack_publicize_feature_enabled":true,"jetpack_social_post_already_shared":true,"jetpack_social_options":{"image_generator_settings":{"template":"highway","default_image_id":0,"enabled":false},"version":2}},"categories":[175],"tags":[60,2616,2613,2614,2615],"class_list":["post-9375","post","type-post","status-publish","format-standard","has-post-thumbnail","hentry","category-turismo","tag-60","tag-camara-entrerriana-de-turismo","tag-estocada-final","tag-jorge-satto","tag-secretaria-de-turismo-de-entre-rios"],"jetpack_publicize_connections":[],"jetpack_featured_media_url":"https:\/\/3260.com.ar\/web\/wp-content\/uploads\/2025\/06\/Camara-entrerriana-de-turismo.jpg","jetpack_sharing_enabled":true,"_links":{"self":[{"href":"https:\/\/3260.com.ar\/web\/wp-json\/wp\/v2\/posts\/9375","targetHints":{"allow":["GET"]}}],"collection":[{"href":"https:\/\/3260.com.ar\/web\/wp-json\/wp\/v2\/posts"}],"about":[{"href":"https:\/\/3260.com.ar\/web\/wp-json\/wp\/v2\/types\/post"}],"author":[{"embeddable":true,"href":"https:\/\/3260.com.ar\/web\/wp-json\/wp\/v2\/users\/3"}],"replies":[{"embeddable":true,"href":"https:\/\/3260.com.ar\/web\/wp-json\/wp\/v2\/comments?post=9375"}],"version-history":[{"count":1,"href":"https:\/\/3260.com.ar\/web\/wp-json\/wp\/v2\/posts\/9375\/revisions"}],"predecessor-version":[{"id":9379,"href":"https:\/\/3260.com.ar\/web\/wp-json\/wp\/v2\/posts\/9375\/revisions\/9379"}],"wp:featuredmedia":[{"embeddable":true,"href":"https:\/\/3260.com.ar\/web\/wp-json\/wp\/v2\/media\/9376"}],"wp:attachment":[{"href":"https:\/\/3260.com.ar\/web\/wp-json\/wp\/v2\/media?parent=9375"}],"wp:term":[{"taxonomy":"category","embeddable":true,"href":"https:\/\/3260.com.ar\/web\/wp-json\/wp\/v2\/categories?post=9375"},{"taxonomy":"post_tag","embeddable":true,"href":"https:\/\/3260.com.ar\/web\/wp-json\/wp\/v2\/tags?post=9375"}],"curies":[{"name":"wp","href":"https:\/\/api.w.org\/{rel}","templated":true}]}}